{"id":73030,"date":"2024-01-15T16:11:55","date_gmt":"2024-01-15T14:11:55","guid":{"rendered":"https:\/\/www.nus.agency\/?p=73030"},"modified":"2024-12-04T19:10:45","modified_gmt":"2024-12-04T17:10:45","slug":"suelo-pelvico-y-fisioestetica","status":"publish","type":"post","link":"https:\/\/www.nus.agency\/es\/blog\/suelo-pelvico-y-fisioestetica","title":{"rendered":"Suelo p\u00e9lvico y fisioest\u00e9tica, \u00bfC\u00f3mo puede tratarse?"},"content":{"rendered":"\t\t<div data-elementor-type=\"wp-post\" data-elementor-id=\"73030\" class=\"elementor elementor-73030\" data-elementor-post-type=\"post\">\n\t\t\t\t\t\t<section class=\"elementor-section elementor-top-section elementor-element elementor-element-eacde78 section-page-top elementor-section-boxed elementor-section-height-default elementor-section-height-default\" data-id=\"eacde78\" data-element_type=\"section\" data-e-type=\"section\">\n\t\t\t\t\t\t<div class=\"elementor-container elementor-column-gap-default\">\n\t\t\t\t\t<div class=\"elementor-column elementor-col-100 elementor-top-column elementor-element elementor-element-96726d8\" data-id=\"96726d8\" data-element_type=\"column\" data-e-type=\"column\">\n\t\t\t<div class=\"elementor-widget-wrap elementor-element-populated\">\n\t\t\t\t\t\t<div class=\"elementor-element elementor-element-714007c elementor-widget elementor-widget-progress-tracker\" data-id=\"714007c\" data-element_type=\"widget\" data-e-type=\"widget\" data-settings=\"{&quot;type&quot;:&quot;horizontal&quot;,&quot;relative_to&quot;:&quot;entire_page&quot;,&quot;percentage&quot;:&quot;no&quot;}\" data-widget_type=\"progress-tracker.default\">\n\t\t\t\t<div class=\"elementor-widget-container\">\n\t\t\t\t\t\n\t\t<div class=\"elementor-scrolling-tracker elementor-scrolling-tracker-horizontal elementor-scrolling-tracker-alignment-\">\n\t\t\t\t\t\t<div class=\"current-progress\">\n\t\t\t\t\t<div class=\"current-progress-percentage\"><\/div>\n\t\t\t\t<\/div>\n\t\t\t\t<\/div>\n\t\t\t\t\t\t<\/div>\n\t\t\t\t<\/div>\n\t\t\t\t<div class=\"elementor-element elementor-element-6cee95f elementor-widget elementor-widget-heading\" data-id=\"6cee95f\" data-element_type=\"widget\" data-e-type=\"widget\" data-widget_type=\"heading.default\">\n\t\t\t\t<div class=\"elementor-widget-container\">\n\t\t\t\t\t<h1 class=\"elementor-heading-title elementor-size-default\">Suelo p\u00e9lvico y fisioest\u00e9tica, \u00bfC\u00f3mo puede tratarse?<\/h1>\t\t\t\t<\/div>\n\t\t\t\t<\/div>\n\t\t\t\t\t<\/div>\n\t\t<\/div>\n\t\t\t\t\t<\/div>\n\t\t<\/section>\n\t\t\t\t<section class=\"elementor-section elementor-top-section elementor-element elementor-element-a73a209 elementor-section-boxed elementor-section-height-default elementor-section-height-default\" data-id=\"a73a209\" data-element_type=\"section\" data-e-type=\"section\">\n\t\t\t\t\t\t<div class=\"elementor-container elementor-column-gap-default\">\n\t\t\t\t\t<div class=\"elementor-column elementor-col-100 elementor-top-column elementor-element elementor-element-a7b9dec\" data-id=\"a7b9dec\" data-element_type=\"column\" data-e-type=\"column\">\n\t\t\t<div class=\"elementor-widget-wrap elementor-element-populated\">\n\t\t\t\t\t\t<div class=\"elementor-element elementor-element-6c9c3cf elementor-widget elementor-widget-image\" data-id=\"6c9c3cf\" data-element_type=\"widget\" data-e-type=\"widget\" data-widget_type=\"image.default\">\n\t\t\t\t<div class=\"elementor-widget-container\">\n\t\t\t\t\t\t\t\t\t\t\t\t\t\t\t<img fetchpriority=\"high\" decoding=\"async\" width=\"1024\" height=\"614\" src=\"https:\/\/www.nus.agency\/wp-content\/uploads\/2024\/01\/Post-blog-fisioestetica-suelo-pelvico-1024x614.jpg\" class=\"attachment-large size-large wp-image-73031\" alt=\"Fisioest\u00e9tica para suelo p\u00e9lvico\" srcset=\"https:\/\/www.nus.agency\/wp-content\/uploads\/2024\/01\/Post-blog-fisioestetica-suelo-pelvico-1024x614.jpg 1024w, https:\/\/www.nus.agency\/wp-content\/uploads\/2024\/01\/Post-blog-fisioestetica-suelo-pelvico-300x180.jpg 300w, https:\/\/www.nus.agency\/wp-content\/uploads\/2024\/01\/Post-blog-fisioestetica-suelo-pelvico-768x461.jpg 768w, https:\/\/www.nus.agency\/wp-content\/uploads\/2024\/01\/Post-blog-fisioestetica-suelo-pelvico.jpg 1250w\" sizes=\"(max-width: 1024px) 100vw, 1024px\" \/>\t\t\t\t\t\t\t\t\t\t\t\t\t\t\t<\/div>\n\t\t\t\t<\/div>\n\t\t\t\t<div class=\"elementor-element elementor-element-891356a elementor-share-buttons--view-icon elementor-share-buttons--skin-flat elementor-share-buttons--color-custom elementor-share-buttons--shape-square elementor-grid-0 elementor-widget elementor-widget-share-buttons\" data-id=\"891356a\" data-element_type=\"widget\" data-e-type=\"widget\" data-widget_type=\"share-buttons.default\">\n\t\t\t\t<div class=\"elementor-widget-container\">\n\t\t\t\t\t\t\t<div class=\"elementor-grid\" role=\"list\">\n\t\t\t\t\t\t\t\t<div class=\"elementor-grid-item\" role=\"listitem\">\n\t\t\t\t\t\t<div class=\"elementor-share-btn elementor-share-btn_email\" role=\"button\" tabindex=\"0\" aria-label=\"Compartir en email\">\n\t\t\t\t\t\t\t\t\t\t\t\t\t\t\t<span class=\"elementor-share-btn__icon\">\n\t\t\t\t\t\t\t\t<i class=\"fas fa-envelope\" aria-hidden=\"true\"><\/i>\t\t\t\t\t\t\t<\/span>\n\t\t\t\t\t\t\t\t\t\t\t\t\t\t\t\t\t\t\t\t<\/div>\n\t\t\t\t\t<\/div>\n\t\t\t\t\t\t\t\t\t<div class=\"elementor-grid-item\" role=\"listitem\">\n\t\t\t\t\t\t<div class=\"elementor-share-btn elementor-share-btn_facebook\" role=\"button\" tabindex=\"0\" aria-label=\"Compartir en email\">\n\t\t\t\t\t\t\t\t\t\t\t\t\t\t\t<span class=\"elementor-share-btn__icon\">\n\t\t\t\t\t\t\t\t<i class=\"fab fa-facebook\" aria-hidden=\"true\"><\/i>\t\t\t\t\t\t\t<\/span>\n\t\t\t\t\t\t\t\t\t\t\t\t\t\t\t\t\t\t\t\t<\/div>\n\t\t\t\t\t<\/div>\n\t\t\t\t\t\t\t\t\t<div class=\"elementor-grid-item\" role=\"listitem\">\n\t\t\t\t\t\t<div class=\"elementor-share-btn elementor-share-btn_twitter\" role=\"button\" tabindex=\"0\" aria-label=\"Compartir en email\">\n\t\t\t\t\t\t\t\t\t\t\t\t\t\t\t<span class=\"elementor-share-btn__icon\">\n\t\t\t\t\t\t\t\t<i class=\"fab fa-twitter\" aria-hidden=\"true\"><\/i>\t\t\t\t\t\t\t<\/span>\n\t\t\t\t\t\t\t\t\t\t\t\t\t\t\t\t\t\t\t\t<\/div>\n\t\t\t\t\t<\/div>\n\t\t\t\t\t\t\t\t\t<div class=\"elementor-grid-item\" role=\"listitem\">\n\t\t\t\t\t\t<div class=\"elementor-share-btn elementor-share-btn_linkedin\" role=\"button\" tabindex=\"0\" aria-label=\"Compartir en email\">\n\t\t\t\t\t\t\t\t\t\t\t\t\t\t\t<span class=\"elementor-share-btn__icon\">\n\t\t\t\t\t\t\t\t<i class=\"fab fa-linkedin\" aria-hidden=\"true\"><\/i>\t\t\t\t\t\t\t<\/span>\n\t\t\t\t\t\t\t\t\t\t\t\t\t\t\t\t\t\t\t\t<\/div>\n\t\t\t\t\t<\/div>\n\t\t\t\t\t\t<\/div>\n\t\t\t\t\t\t<\/div>\n\t\t\t\t<\/div>\n\t\t\t\t\t<\/div>\n\t\t<\/div>\n\t\t\t\t\t<\/div>\n\t\t<\/section>\n\t\t\t\t<section class=\"elementor-section elementor-top-section elementor-element elementor-element-56019ce elementor-section-boxed elementor-section-height-default elementor-section-height-default\" data-id=\"56019ce\" data-element_type=\"section\" data-e-type=\"section\">\n\t\t\t\t\t\t<div class=\"elementor-container elementor-column-gap-default\">\n\t\t\t\t\t<div class=\"elementor-column elementor-col-100 elementor-top-column elementor-element elementor-element-f443ce7\" data-id=\"f443ce7\" data-element_type=\"column\" data-e-type=\"column\">\n\t\t\t<div class=\"elementor-widget-wrap elementor-element-populated\">\n\t\t\t\t\t\t<div class=\"elementor-element elementor-element-bb9a3eb elementor-widget elementor-widget-text-editor\" data-id=\"bb9a3eb\" data-element_type=\"widget\" data-e-type=\"widget\" data-widget_type=\"text-editor.default\">\n\t\t\t\t<div class=\"elementor-widget-container\">\n\t\t\t\t\t\t\t\t\t<p>\u00a0<\/p><p><span style=\"font-weight: 300;\">Todos hemos o\u00eddo este t\u00e9rmino: suelo p\u00e9lvico. Pero, \u00bfqu\u00e9 es y cu\u00e1les son sus funciones?\u00a0<\/span><\/p><p><span style=\"font-weight: 300;\">Se trata de una <\/span><b>red de m\u00fasculos, ligamentos y tejidos conectivos que se encuentran en la base de la pelvis.<\/b><span style=\"font-weight: 300;\"> Este conjunto de m\u00fasculos y tejidos sostiene los <\/span><b>\u00f3rganos p\u00e9lvicos; la vejiga, el \u00fatero y el recto<\/b><span style=\"font-weight: 300;\">. Pero su funci\u00f3n no se limita a la proporci\u00f3n de soporte, sino que <\/span><b>tambi\u00e9n es el responsable de regular funciones como la micci\u00f3n, la defecaci\u00f3n y la actividad sexual<\/b><span style=\"font-weight: 300;\">. Algunas de las afectaciones m\u00e1s comunes en el suelo p\u00e9lvico son:<\/span><\/p><ul><li style=\"font-weight: 300;\" aria-level=\"1\"><b>Incontinencia urinaria<\/b><span style=\"font-weight: 300;\">: la p\u00e9rdida involuntaria de orina puede deberse a la debilidad muscular, a mujeres que han dado a luz, cirug\u00edas o cambios hormonales.\u00a0<\/span><\/li><li style=\"font-weight: 300;\" aria-level=\"1\"><b>Prolapso p\u00e9lvico<\/b><span style=\"font-weight: 300;\">: se trata del descenso de los \u00f3rganos p\u00e9lvicos debido a la debilidad de los m\u00fasculos de soporte. Puede generar grandes molestias f\u00edsicas, pero tambi\u00e9n emocionales.\u00a0<\/span><\/li><li style=\"font-weight: 300;\" aria-level=\"1\"><b>Disfunciones sexuales<\/b><span style=\"font-weight: 300;\">: algunas de ellas pueden ser la dispareunia (dolor durante las relaciones sexuales), el vaginismo (contracci\u00f3n involuntaria de los m\u00fasculos vaginales, dificultando o impidiendo la penetraci\u00f3n) o la anorgasmia (incapacidad de alcanzar el orgasmo).\u00a0<\/span><\/li><li aria-level=\"1\"><span style=\"font-weight: 300;\">\u00a0<\/span><b>Dolor p\u00e9lvico cr\u00f3nico<\/b><span style=\"font-weight: 300;\">: puede deberse a la debilidad muscular, tensiones o desequilibrios en esta \u00e1rea que afectan y desencadenan un dolor cr\u00f3nico<\/span><\/li><\/ul><p><span style=\"font-weight: 300;\">\u00a0<\/span><\/p>\t\t\t\t\t\t\t\t<\/div>\n\t\t\t\t<\/div>\n\t\t\t\t\t<\/div>\n\t\t<\/div>\n\t\t\t\t\t<\/div>\n\t\t<\/section>\n\t\t\t\t<section class=\"elementor-section elementor-top-section elementor-element elementor-element-b2b7199 elementor-section-boxed elementor-section-height-default elementor-section-height-default\" data-id=\"b2b7199\" data-element_type=\"section\" data-e-type=\"section\">\n\t\t\t\t\t\t<div class=\"elementor-container elementor-column-gap-default\">\n\t\t\t\t\t<div class=\"elementor-column elementor-col-100 elementor-top-column elementor-element elementor-element-180c635\" data-id=\"180c635\" data-element_type=\"column\" data-e-type=\"column\">\n\t\t\t<div class=\"elementor-widget-wrap elementor-element-populated\">\n\t\t\t\t\t\t<div class=\"elementor-element elementor-element-6354a12 elementor-cta--layout-image-left elementor-cta--mobile-layout-image-above elementor-cta--skin-classic elementor-animated-content elementor-bg-transform elementor-bg-transform-zoom-in elementor-widget elementor-widget-call-to-action\" data-id=\"6354a12\" data-element_type=\"widget\" data-e-type=\"widget\" data-widget_type=\"call-to-action.default\">\n\t\t\t\t<div class=\"elementor-widget-container\">\n\t\t\t\t\t\t\t<div class=\"elementor-cta\">\n\t\t\t\t\t<div class=\"elementor-cta__bg-wrapper\">\n\t\t\t\t<div class=\"elementor-cta__bg elementor-bg\" style=\"background-image: url(https:\/\/www.nus.agency\/wp-content\/uploads\/2023\/12\/portada-competencia-desleal-salud-1024x614.jpg);\" role=\"img\" aria-label=\"Compartir en email\"><\/div>\n\t\t\t\t<div class=\"elementor-cta__bg-overlay\"><\/div>\n\t\t\t<\/div>\n\t\t\t\t\t\t\t<div class=\"elementor-cta__content\">\n\t\t\t\t\n\t\t\t\t\t\t\t\t\t<h2 class=\"elementor-cta__title elementor-cta__content-item elementor-content-item\">\n\t\t\t\t\t\tLa competencia desleal en el sector de la salud\t\t\t\t\t<\/h2>\n\t\t\t\t\n\t\t\t\t\t\t\t\t\t<div class=\"elementor-cta__description elementor-cta__content-item elementor-content-item\">\n\t\t\t\t\t\tAlba Navarro nos habla de este fen\u00f3nemo que afecta a profesionales y pacientes\t\t\t\t\t<\/div>\n\t\t\t\t\n\t\t\t\t\t\t\t\t\t<div class=\"elementor-cta__button-wrapper elementor-cta__content-item elementor-content-item \">\n\t\t\t\t\t<a class=\"elementor-cta__button elementor-button elementor-size-\" href=\"https:\/\/www.nus.agency\/blog\/la-competencia-desleal-en-el-sector-de-la-salud\">\n\t\t\t\t\t\t\u00a1Leer m\u00e1s!\t\t\t\t\t<\/a>\n\t\t\t\t\t<\/div>\n\t\t\t\t\t\t\t<\/div>\n\t\t\t\t\t\t<\/div>\n\t\t\t\t\t\t<\/div>\n\t\t\t\t<\/div>\n\t\t\t\t\t<\/div>\n\t\t<\/div>\n\t\t\t\t\t<\/div>\n\t\t<\/section>\n\t\t\t\t<section class=\"elementor-section elementor-top-section elementor-element elementor-element-7272636 elementor-section-boxed elementor-section-height-default elementor-section-height-default\" data-id=\"7272636\" data-element_type=\"section\" data-e-type=\"section\">\n\t\t\t\t\t\t<div class=\"elementor-container elementor-column-gap-default\">\n\t\t\t\t\t<div class=\"elementor-column elementor-col-100 elementor-top-column elementor-element elementor-element-be36275\" data-id=\"be36275\" data-element_type=\"column\" data-e-type=\"column\">\n\t\t\t<div class=\"elementor-widget-wrap elementor-element-populated\">\n\t\t\t\t\t\t<div class=\"elementor-element elementor-element-e98caca elementor-widget elementor-widget-heading\" data-id=\"e98caca\" data-element_type=\"widget\" data-e-type=\"widget\" data-widget_type=\"heading.default\">\n\t\t\t\t<div class=\"elementor-widget-container\">\n\t\t\t\t\t<h2 class=\"elementor-heading-title elementor-size-default\">La fisioest\u00e9tica dermatofuncional y el suelo p\u00e9lvico<\/h2>\t\t\t\t<\/div>\n\t\t\t\t<\/div>\n\t\t\t\t<div class=\"elementor-element elementor-element-e458138 elementor-widget elementor-widget-text-editor\" data-id=\"e458138\" data-element_type=\"widget\" data-e-type=\"widget\" data-widget_type=\"text-editor.default\">\n\t\t\t\t<div class=\"elementor-widget-container\">\n\t\t\t\t\t\t\t\t\t<p><strong>L<\/strong><b>a fisioest\u00e9tica dermatofuncional estudia de forma integral la piel, la funci\u00f3n muscular y las afecciones que pueden estar conectadas.<\/b><span style=\"font-weight: 300;\"> As\u00ed pues, se trata de la disciplina con mayor capacidad para tratar afecciones de suelo p\u00e9lvico, ya que su enfoque va m\u00e1s all\u00e1 del simple fortalecimiento muscular. La fisioest\u00e9tica dermatofuncional <\/span><b>busca optimizar la calidad de la piel y promover un bienestar muscular para un equilibrio psicof\u00edsico<\/b><span style=\"font-weight: 300;\">.<\/span><\/p><p>\u00a0<\/p><p><span style=\"font-weight: 300;\">Las t\u00e9cnicas y tratamientos que se ofrecen desde el marco de la disciplina pueden ser muy diversos y siempre depender\u00e1 del tipo de paciente y grado de afecci\u00f3n. Algunas <\/span><b>t\u00e9cnicas<\/b><span style=\"font-weight: 300;\"> que se utilizan de forma general son:\u00a0<\/span><\/p><p>\u00a0<\/p><ul><li style=\"font-weight: 300;\" aria-level=\"1\"><b>Electroestimulaci\u00f3n<\/b><span style=\"font-weight: 300;\">: La electroestimulaci\u00f3n se utiliza para estimular el\u00e9ctricamente los m\u00fasculos del suelo p\u00e9lvico. Esto puede ayudar a mejorar la fuerza y la contracci\u00f3n muscular, especialmente en casos de debilidad.<\/span><\/li><li style=\"font-weight: 300;\" aria-level=\"1\"><b>Masaje perineal<\/b><span style=\"font-weight: 300;\">: El masaje perineal es una t\u00e9cnica espec\u00edfica que puede ayudar a mejorar la elasticidad de los tejidos perineales, especialmente en mujeres embarazadas, para prepararse para el parto. El fisioterapeuta puede ense\u00f1ar a realizar este masaje de forma adecuada.<\/span><\/li><li style=\"font-weight: 300;\" aria-level=\"1\"><b>Biofeedback electromiogr\u00e1fico<\/b><span style=\"font-weight: 300;\">: El biofeedback electromiogr\u00e1fico implica el uso de electrodos para medir la actividad el\u00e9ctrica de los m\u00fasculos del suelo p\u00e9lvico. Los pacientes reciben retroalimentaci\u00f3n visual o auditiva sobre la actividad muscular, lo que les ayuda a aprender a controlar y fortalecer conscientemente estos m\u00fasculos.<\/span><\/li><li style=\"font-weight: 300;\" aria-level=\"1\"><b>Vibraci\u00f3n terap\u00e9utica<\/b><span style=\"font-weight: 300;\">: Plataformas de vibraci\u00f3n terap\u00e9utica pueden ser utilizadas para estimular los m\u00fasculos del suelo p\u00e9lvico. Estas plataformas generan vibraciones que activan las fibras musculares, contribuyendo al fortalecimiento y mejora de la funci\u00f3n muscular.<\/span><\/li><li style=\"font-weight: 300;\" aria-level=\"1\"><b>Ultrasonido<\/b><span style=\"font-weight: 300;\">: El ultrasonido terap\u00e9utico utiliza ondas sonoras de alta frecuencia para penetrar en los tejidos. Puede ser aplicado para aliviar el dolor y mejorar la circulaci\u00f3n sangu\u00ednea en el \u00e1rea del suelo p\u00e9lvico.<\/span><\/li><li style=\"font-weight: 300;\" aria-level=\"1\"><b>Terapia manual interna<\/b><span style=\"font-weight: 300;\">: En algunos casos, los fisioterapeutas especializados pueden realizar terapia manual interna para liberar tensiones y mejorar la movilidad de los tejidos internos del suelo p\u00e9lvico. Esta t\u00e9cnica se realiza con el consentimiento del paciente y es parte integral de un abordaje completo.<\/span><\/li><\/ul><p><span style=\"font-weight: 300;\">Es importante destacar que,<\/span><b> <\/b>en el caso de los tratamientos con aparatolog\u00eda, siempre depender\u00e1 de la evaluaci\u00f3n inicial del profesional, adaptando el m<span style=\"font-weight: 300;\">ismo a las necesidades espec\u00edficas del paciente. <\/span><\/p>\t\t\t\t\t\t\t\t<\/div>\n\t\t\t\t<\/div>\n\t\t\t\t<div class=\"elementor-element elementor-element-eef481a elementor-hidden-tablet elementor-hidden-mobile elementor-widget elementor-widget-image\" data-id=\"eef481a\" data-element_type=\"widget\" data-e-type=\"widget\" data-widget_type=\"image.default\">\n\t\t\t\t<div class=\"elementor-widget-container\">\n\t\t\t\t\t\t\t\t\t\t\t\t\t\t\t\t<a href=\"https:\/\/www.nus.agency\/masters-y-postgrados\/enfermera-gestora-de-la-imagen-corporal\">\n\t\t\t\t\t\t\t<img decoding=\"async\" width=\"1024\" height=\"258\" src=\"https:\/\/www.nus.agency\/wp-content\/uploads\/2023\/11\/cta-blog-master-MFE-1024x258.jpg\" class=\"attachment-large size-large wp-image-70850\" alt=\"cta-blog-master-MFE\" srcset=\"https:\/\/www.nus.agency\/wp-content\/uploads\/2023\/11\/cta-blog-master-MFE-1024x258.jpg 1024w, https:\/\/www.nus.agency\/wp-content\/uploads\/2023\/11\/cta-blog-master-MFE-300x76.jpg 300w, https:\/\/www.nus.agency\/wp-content\/uploads\/2023\/11\/cta-blog-master-MFE-768x193.jpg 768w, https:\/\/www.nus.agency\/wp-content\/uploads\/2023\/11\/cta-blog-master-MFE-1536x387.jpg 1536w, https:\/\/www.nus.agency\/wp-content\/uploads\/2023\/11\/cta-blog-master-MFE.jpg 1572w\" sizes=\"(max-width: 1024px) 100vw, 1024px\" \/>\t\t\t\t\t\t\t\t<\/a>\n\t\t\t\t\t\t\t\t\t\t\t\t\t\t\t<\/div>\n\t\t\t\t<\/div>\n\t\t\t\t<div class=\"elementor-element elementor-element-3b90e66 elementor-hidden-desktop elementor-widget elementor-widget-image\" data-id=\"3b90e66\" data-element_type=\"widget\" data-e-type=\"widget\" data-widget_type=\"image.default\">\n\t\t\t\t<div class=\"elementor-widget-container\">\n\t\t\t\t\t\t\t\t\t\t\t\t\t\t\t\t<a href=\"https:\/\/www.nus.agency\/masters-y-postgrados\/enfermera-gestora-de-la-imagen-corporal\">\n\t\t\t\t\t\t\t<img decoding=\"async\" width=\"1024\" height=\"1024\" src=\"https:\/\/www.nus.agency\/wp-content\/uploads\/2023\/11\/cta-banner-blog-MFE-1080x1080-1-1024x1024.jpg\" class=\"attachment-large size-large wp-image-72127\" alt=\"cta-banner-blog-MFE-1080x1080\" srcset=\"https:\/\/www.nus.agency\/wp-content\/uploads\/2023\/11\/cta-banner-blog-MFE-1080x1080-1-1024x1024.jpg 1024w, https:\/\/www.nus.agency\/wp-content\/uploads\/2023\/11\/cta-banner-blog-MFE-1080x1080-1-300x300.jpg 300w, https:\/\/www.nus.agency\/wp-content\/uploads\/2023\/11\/cta-banner-blog-MFE-1080x1080-1-150x150.jpg 150w, https:\/\/www.nus.agency\/wp-content\/uploads\/2023\/11\/cta-banner-blog-MFE-1080x1080-1-768x768.jpg 768w, https:\/\/www.nus.agency\/wp-content\/uploads\/2023\/11\/cta-banner-blog-MFE-1080x1080-1.jpg 1080w\" sizes=\"(max-width: 1024px) 100vw, 1024px\" \/>\t\t\t\t\t\t\t\t<\/a>\n\t\t\t\t\t\t\t\t\t\t\t\t\t\t\t<\/div>\n\t\t\t\t<\/div>\n\t\t\t\t\t<\/div>\n\t\t<\/div>\n\t\t\t\t\t<\/div>\n\t\t<\/section>\n\t\t\t\t<section class=\"elementor-section elementor-top-section elementor-element elementor-element-5f7ee2f elementor-section-boxed elementor-section-height-default elementor-section-height-default\" data-id=\"5f7ee2f\" data-element_type=\"section\" data-e-type=\"section\">\n\t\t\t\t\t\t<div class=\"elementor-container elementor-column-gap-default\">\n\t\t\t\t\t<div class=\"elementor-column elementor-col-100 elementor-top-column elementor-element elementor-element-40b1739\" data-id=\"40b1739\" data-element_type=\"column\" data-e-type=\"column\">\n\t\t\t<div class=\"elementor-widget-wrap elementor-element-populated\">\n\t\t\t\t\t\t<div class=\"elementor-element elementor-element-bb5bf13 elementor-widget elementor-widget-heading\" data-id=\"bb5bf13\" data-element_type=\"widget\" data-e-type=\"widget\" data-widget_type=\"heading.default\">\n\t\t\t\t<div class=\"elementor-widget-container\">\n\t\t\t\t\t<h2 class=\"elementor-heading-title elementor-size-default\">El cuidado diario del suelo p\u00e9lvico<\/h2>\t\t\t\t<\/div>\n\t\t\t\t<\/div>\n\t\t\t\t<div class=\"elementor-element elementor-element-1edf726 elementor-widget elementor-widget-text-editor\" data-id=\"1edf726\" data-element_type=\"widget\" data-e-type=\"widget\" data-widget_type=\"text-editor.default\">\n\t\t\t\t<div class=\"elementor-widget-container\">\n\t\t\t\t\t\t\t\t\t<p><span style=\"font-weight: 300;\">Aunque la<\/span><b> fisioest\u00e9tica dermatofuncional<\/b><span style=\"font-weight: 300;\"> pueda tratar diversas afecciones de suelo p\u00e9lvico, <\/span><b>los profesionales siempre recomiendan su cuidado diario<\/b><span style=\"font-weight: 300;\"> para evitar problemas posteriores. Una de sus recomendaciones m\u00e1s repetidas es la <\/span><b>incorporaci\u00f3n de ejercicios espec\u00edficos para mantener la tonicidad muscular<\/b><span style=\"font-weight: 300;\">, como los <strong>a<\/strong><\/span><b>bdominales hipopresivos<\/b><span style=\"font-weight: 300;\">. Tambi\u00e9n, la <\/span><b>relajaci\u00f3n consciente<\/b><span style=\"font-weight: 300;\">, la <\/span><b>postura adecuada <\/b><span style=\"font-weight: 300;\">y la <\/span><b>adopci\u00f3n de h\u00e1bitos saludables<\/b><span style=\"font-weight: 300;\">.\u00a0<\/span><\/p>\t\t\t\t\t\t\t\t<\/div>\n\t\t\t\t<\/div>\n\t\t\t\t<div class=\"elementor-element elementor-element-1862a62 elementor-widget elementor-widget-image\" data-id=\"1862a62\" data-element_type=\"widget\" data-e-type=\"widget\" data-widget_type=\"image.default\">\n\t\t\t\t<div class=\"elementor-widget-container\">\n\t\t\t\t\t\t\t\t\t\t\t\t\t\t\t<img loading=\"lazy\" decoding=\"async\" width=\"1024\" height=\"614\" src=\"https:\/\/www.nus.agency\/wp-content\/uploads\/2024\/01\/Post-Fisioestetica-suelo-pelvico-II-1024x614.jpg\" class=\"attachment-large size-large wp-image-73036\" alt=\"Suelo p\u00e9lvico y fisioest\u00e9tica\" srcset=\"https:\/\/www.nus.agency\/wp-content\/uploads\/2024\/01\/Post-Fisioestetica-suelo-pelvico-II-1024x614.jpg 1024w, https:\/\/www.nus.agency\/wp-content\/uploads\/2024\/01\/Post-Fisioestetica-suelo-pelvico-II-300x180.jpg 300w, https:\/\/www.nus.agency\/wp-content\/uploads\/2024\/01\/Post-Fisioestetica-suelo-pelvico-II-768x461.jpg 768w, https:\/\/www.nus.agency\/wp-content\/uploads\/2024\/01\/Post-Fisioestetica-suelo-pelvico-II.jpg 1250w\" sizes=\"(max-width: 1024px) 100vw, 1024px\" \/>\t\t\t\t\t\t\t\t\t\t\t\t\t\t\t<\/div>\n\t\t\t\t<\/div>\n\t\t\t\t\t<\/div>\n\t\t<\/div>\n\t\t\t\t\t<\/div>\n\t\t<\/section>\n\t\t\t\t<section class=\"elementor-section elementor-top-section elementor-element elementor-element-4fa7eb1 elementor-section-boxed elementor-section-height-default elementor-section-height-default\" data-id=\"4fa7eb1\" data-element_type=\"section\" data-e-type=\"section\">\n\t\t\t\t\t\t<div class=\"elementor-container elementor-column-gap-default\">\n\t\t\t\t\t<div class=\"elementor-column elementor-col-100 elementor-top-column elementor-element elementor-element-203560c\" data-id=\"203560c\" data-element_type=\"column\" data-e-type=\"column\">\n\t\t\t<div class=\"elementor-widget-wrap elementor-element-populated\">\n\t\t\t\t\t\t<div class=\"elementor-element elementor-element-c761834 elementor-widget-divider--view-line_text elementor-widget-divider--element-align-center elementor-widget elementor-widget-divider\" data-id=\"c761834\" data-element_type=\"widget\" data-e-type=\"widget\" data-widget_type=\"divider.default\">\n\t\t\t\t<div class=\"elementor-widget-container\">\n\t\t\t\t\t\t\t<div class=\"elementor-divider\">\n\t\t\t<span class=\"elementor-divider-separator\">\n\t\t\t\t\t\t\t<span class=\"elementor-divider__text elementor-divider__element\">\n\t\t\t\tCursos recomendados\t\t\t\t<\/span>\n\t\t\t\t\t\t<\/span>\n\t\t<\/div>\n\t\t\t\t\t\t<\/div>\n\t\t\t\t<\/div>\n\t\t\t\t<div class=\"elementor-element elementor-element-174cb41 elementor-grid-3 elementor-grid-tablet-2 elementor-grid-mobile-1 elementor-posts--thumbnail-top elementor-widget elementor-widget-posts\" data-id=\"174cb41\" data-element_type=\"widget\" data-e-type=\"widget\" data-settings=\"{&quot;classic_masonry&quot;:&quot;yes&quot;,&quot;classic_columns&quot;:&quot;3&quot;,&quot;classic_columns_tablet&quot;:&quot;2&quot;,&quot;classic_columns_mobile&quot;:&quot;1&quot;,&quot;classic_row_gap&quot;:{&quot;unit&quot;:&quot;px&quot;,&quot;size&quot;:35,&quot;sizes&quot;:[]},&quot;classic_row_gap_tablet&quot;:{&quot;unit&quot;:&quot;px&quot;,&quot;size&quot;:&quot;&quot;,&quot;sizes&quot;:[]},&quot;classic_row_gap_mobile&quot;:{&quot;unit&quot;:&quot;px&quot;,&quot;size&quot;:&quot;&quot;,&quot;sizes&quot;:[]}}\" data-widget_type=\"posts.classic\">\n\t\t\t\t<div class=\"elementor-widget-container\">\n\t\t\t\t\t\t\t<div class=\"elementor-posts-container elementor-posts elementor-posts--skin-classic elementor-grid\" role=\"list\">\n\t\t\t\t<article class=\"elementor-post elementor-grid-item post-91913 masters-y-postgrados type-masters-y-postgrados status-publish has-post-thumbnail hentry tag-mba tag-mba-en-salud tag-mba-sanitario\" role=\"listitem\">\n\t\t\t\t<a class=\"elementor-post__thumbnail__link\" href=\"https:\/\/www.nus.agency\/es\/masters-y-postgrados\/mba-direccion-gestion-empresas-salud\" tabindex=\"-1\" >\n\t\t\t<div class=\"elementor-post__thumbnail\"><img loading=\"lazy\" decoding=\"async\" width=\"300\" height=\"167\" src=\"https:\/\/www.nus.agency\/wp-content\/uploads\/2025\/12\/master_mba_nus_agency_blended.webp\" class=\"attachment-medium size-medium wp-image-91945\" alt=\"\" \/><\/div>\n\t\t<\/a>\n\t\t\t\t<div class=\"elementor-post__text\">\n\t\t\t\t<h3 class=\"elementor-post__title\">\n\t\t\t<a href=\"https:\/\/www.nus.agency\/es\/masters-y-postgrados\/mba-direccion-gestion-empresas-salud\" >\n\t\t\t\tMBA en Direcci\u00f3n y Gesti\u00f3n de Empresas de Salud\t\t\t<\/a>\n\t\t<\/h3>\n\t\t\n\t\t<a class=\"elementor-post__read-more\" href=\"https:\/\/www.nus.agency\/es\/masters-y-postgrados\/mba-direccion-gestion-empresas-salud\" aria-label=\"Compartir en email\" tabindex=\"-1\" >\n\t\t\tLeer m\u00e1s \u00bb\t\t<\/a>\n\n\t\t\t\t<\/div>\n\t\t\t\t<\/article>\n\t\t\t\t<article class=\"elementor-post elementor-grid-item post-91051 masters-y-postgrados type-masters-y-postgrados status-publish has-post-thumbnail hentry\" role=\"listitem\">\n\t\t\t\t<a class=\"elementor-post__thumbnail__link\" href=\"https:\/\/www.nus.agency\/es\/masters-y-postgrados\/enfermera-gestora-de-la-imagen-corporal\" tabindex=\"-1\" >\n\t\t\t<div class=\"elementor-post__thumbnail\"><img loading=\"lazy\" decoding=\"async\" width=\"290\" height=\"300\" src=\"https:\/\/www.nus.agency\/wp-content\/uploads\/2025\/09\/master_mic_nus_agency.webp\" class=\"attachment-medium size-medium wp-image-91056\" alt=\"\" \/><\/div>\n\t\t<\/a>\n\t\t\t\t<div class=\"elementor-post__text\">\n\t\t\t\t<h3 class=\"elementor-post__title\">\n\t\t\t<a href=\"https:\/\/www.nus.agency\/es\/masters-y-postgrados\/enfermera-gestora-de-la-imagen-corporal\" >\n\t\t\t\tM\u00e1ster en Imagen Corporal y Enfermer\u00eda Dermoest\u00e9tica | NUS Agency\t\t\t<\/a>\n\t\t<\/h3>\n\t\t\n\t\t<a class=\"elementor-post__read-more\" href=\"https:\/\/www.nus.agency\/es\/masters-y-postgrados\/enfermera-gestora-de-la-imagen-corporal\" aria-label=\"Compartir en email\" tabindex=\"-1\" >\n\t\t\tLeer m\u00e1s \u00bb\t\t<\/a>\n\n\t\t\t\t<\/div>\n\t\t\t\t<\/article>\n\t\t\t\t<article class=\"elementor-post elementor-grid-item post-68251 masters-y-postgrados type-masters-y-postgrados status-publish has-post-thumbnail hentry\" role=\"listitem\">\n\t\t\t\t<a class=\"elementor-post__thumbnail__link\" href=\"https:\/\/www.nus.agency\/es\/masters-y-postgrados\/master-fisioterapia-dermatofuncional\" tabindex=\"-1\" >\n\t\t\t<div class=\"elementor-post__thumbnail\"><img loading=\"lazy\" decoding=\"async\" width=\"300\" height=\"180\" src=\"https:\/\/www.nus.agency\/wp-content\/uploads\/2023\/09\/NUS-Agency-master-fisioesteitica-y-dermatofuncional-class-1-1-300x180.png\" class=\"attachment-medium size-medium wp-image-90872\" alt=\"M\u00e1ster en Fisioest\u00e9tica y Dermatofuncional\" srcset=\"https:\/\/www.nus.agency\/wp-content\/uploads\/2023\/09\/NUS-Agency-master-fisioesteitica-y-dermatofuncional-class-1-1-300x180.png 300w, https:\/\/www.nus.agency\/wp-content\/uploads\/2023\/09\/NUS-Agency-master-fisioesteitica-y-dermatofuncional-class-1-1.png 560w\" sizes=\"(max-width: 300px) 100vw, 300px\" \/><\/div>\n\t\t<\/a>\n\t\t\t\t<div class=\"elementor-post__text\">\n\t\t\t\t<h3 class=\"elementor-post__title\">\n\t\t\t<a href=\"https:\/\/www.nus.agency\/es\/masters-y-postgrados\/master-fisioterapia-dermatofuncional\" >\n\t\t\t\tM\u00e1ster en Fisioest\u00e9tica y Dermatofuncional\t\t\t<\/a>\n\t\t<\/h3>\n\t\t\n\t\t<a class=\"elementor-post__read-more\" href=\"https:\/\/www.nus.agency\/es\/masters-y-postgrados\/master-fisioterapia-dermatofuncional\" aria-label=\"Compartir en email\" tabindex=\"-1\" >\n\t\t\tLeer m\u00e1s \u00bb\t\t<\/a>\n\n\t\t\t\t<\/div>\n\t\t\t\t<\/article>\n\t\t\t\t<\/div>\n\t\t\n\t\t\t\t\t\t<\/div>\n\t\t\t\t<\/div>\n\t\t\t\t<div class=\"elementor-element elementor-element-3ea6af3 elementor-widget-divider--view-line_text elementor-widget-divider--element-align-center elementor-widget elementor-widget-divider\" data-id=\"3ea6af3\" data-element_type=\"widget\" data-e-type=\"widget\" data-widget_type=\"divider.default\">\n\t\t\t\t<div class=\"elementor-widget-container\">\n\t\t\t\t\t\t\t<div class=\"elementor-divider\">\n\t\t\t<span class=\"elementor-divider-separator\">\n\t\t\t\t\t\t\t<span class=\"elementor-divider__text elementor-divider__element\">\n\t\t\t\tSigue leyendo\t\t\t\t<\/span>\n\t\t\t\t\t\t<\/span>\n\t\t<\/div>\n\t\t\t\t\t\t<\/div>\n\t\t\t\t<\/div>\n\t\t\t\t<div class=\"elementor-element elementor-element-54e40ec elementor-grid-3 elementor-grid-tablet-2 elementor-grid-mobile-1 elementor-posts--thumbnail-top elementor-widget elementor-widget-posts\" data-id=\"54e40ec\" data-element_type=\"widget\" data-e-type=\"widget\" data-settings=\"{&quot;classic_masonry&quot;:&quot;yes&quot;,&quot;classic_columns&quot;:&quot;3&quot;,&quot;classic_columns_tablet&quot;:&quot;2&quot;,&quot;classic_columns_mobile&quot;:&quot;1&quot;,&quot;classic_row_gap&quot;:{&quot;unit&quot;:&quot;px&quot;,&quot;size&quot;:35,&quot;sizes&quot;:[]},&quot;classic_row_gap_tablet&quot;:{&quot;unit&quot;:&quot;px&quot;,&quot;size&quot;:&quot;&quot;,&quot;sizes&quot;:[]},&quot;classic_row_gap_mobile&quot;:{&quot;unit&quot;:&quot;px&quot;,&quot;size&quot;:&quot;&quot;,&quot;sizes&quot;:[]}}\" data-widget_type=\"posts.classic\">\n\t\t\t\t<div class=\"elementor-widget-container\">\n\t\t\t\t\t\t\t<div class=\"elementor-posts-container elementor-posts elementor-posts--skin-classic elementor-grid\" role=\"list\">\n\t\t\t\t<article class=\"elementor-post elementor-grid-item post-96623 post type-post status-publish format-standard has-post-thumbnail hentry category-blog category-master-neuromusica\" role=\"listitem\">\n\t\t\t\t<a class=\"elementor-post__thumbnail__link\" href=\"https:\/\/www.nus.agency\/es\/blog\/neuromusica-y-cerebro-conclusiones-de-la-i-jornada-del-proyecto-nes-de-nus\" tabindex=\"-1\" >\n\t\t\t<div class=\"elementor-post__thumbnail\"><img loading=\"lazy\" decoding=\"async\" width=\"300\" height=\"180\" src=\"https:\/\/www.nus.agency\/wp-content\/uploads\/2026\/04\/imagen-destacada-I-Jornada-del-Proyecto-NES-300x180.jpg\" class=\"attachment-medium size-medium wp-image-96628\" alt=\"imagen-destacada-I-Jornada-del-Proyecto-NES\" srcset=\"https:\/\/www.nus.agency\/wp-content\/uploads\/2026\/04\/imagen-destacada-I-Jornada-del-Proyecto-NES-300x180.jpg 300w, https:\/\/www.nus.agency\/wp-content\/uploads\/2026\/04\/imagen-destacada-I-Jornada-del-Proyecto-NES-1024x613.jpg 1024w, https:\/\/www.nus.agency\/wp-content\/uploads\/2026\/04\/imagen-destacada-I-Jornada-del-Proyecto-NES-768x460.jpg 768w, https:\/\/www.nus.agency\/wp-content\/uploads\/2026\/04\/imagen-destacada-I-Jornada-del-Proyecto-NES.jpg 1252w\" sizes=\"(max-width: 300px) 100vw, 300px\" \/><\/div>\n\t\t<\/a>\n\t\t\t\t<div class=\"elementor-post__text\">\n\t\t\t\t<h3 class=\"elementor-post__title\">\n\t\t\t<a href=\"https:\/\/www.nus.agency\/es\/blog\/neuromusica-y-cerebro-conclusiones-de-la-i-jornada-del-proyecto-nes-de-nus\" >\n\t\t\t\tNeurom\u00fasica y cerebro: conclusiones de la I Jornada del Proyecto NES de NUS\t\t\t<\/a>\n\t\t<\/h3>\n\t\t\n\t\t<a class=\"elementor-post__read-more\" href=\"https:\/\/www.nus.agency\/es\/blog\/neuromusica-y-cerebro-conclusiones-de-la-i-jornada-del-proyecto-nes-de-nus\" aria-label=\"Compartir en email\" tabindex=\"-1\" >\n\t\t\tLeer m\u00e1s \u00bb\t\t<\/a>\n\n\t\t\t\t<\/div>\n\t\t\t\t<\/article>\n\t\t\t\t<article class=\"elementor-post elementor-grid-item post-96072 post type-post status-publish format-standard has-post-thumbnail hentry category-blog category-master-imagen-corporal category-master-neuromusica\" role=\"listitem\">\n\t\t\t\t<a class=\"elementor-post__thumbnail__link\" href=\"https:\/\/www.nus.agency\/es\/blog\/la-vocalia-de-enfermeria-del-trabajo-del-coib-y-nus-llevan-la-musica-al-cuidado-de-las-enfermeras\" tabindex=\"-1\" >\n\t\t\t<div class=\"elementor-post__thumbnail\"><img loading=\"lazy\" decoding=\"async\" width=\"300\" height=\"180\" src=\"https:\/\/www.nus.agency\/wp-content\/uploads\/2026\/03\/imagen-destacada-articulo-vocalia-infermeria-del-treball-COIB-neuromusica-NUS-300x180.jpg\" class=\"attachment-medium size-medium wp-image-96115\" alt=\"imagen-destacada-articulo-vocalia-infermeria-del-treball-COIB-neuromusica-NUS\" srcset=\"https:\/\/www.nus.agency\/wp-content\/uploads\/2026\/03\/imagen-destacada-articulo-vocalia-infermeria-del-treball-COIB-neuromusica-NUS-300x180.jpg 300w, https:\/\/www.nus.agency\/wp-content\/uploads\/2026\/03\/imagen-destacada-articulo-vocalia-infermeria-del-treball-COIB-neuromusica-NUS-1024x614.jpg 1024w, https:\/\/www.nus.agency\/wp-content\/uploads\/2026\/03\/imagen-destacada-articulo-vocalia-infermeria-del-treball-COIB-neuromusica-NUS-768x461.jpg 768w, https:\/\/www.nus.agency\/wp-content\/uploads\/2026\/03\/imagen-destacada-articulo-vocalia-infermeria-del-treball-COIB-neuromusica-NUS.jpg 1250w\" sizes=\"(max-width: 300px) 100vw, 300px\" \/><\/div>\n\t\t<\/a>\n\t\t\t\t<div class=\"elementor-post__text\">\n\t\t\t\t<h3 class=\"elementor-post__title\">\n\t\t\t<a href=\"https:\/\/www.nus.agency\/es\/blog\/la-vocalia-de-enfermeria-del-trabajo-del-coib-y-nus-llevan-la-musica-al-cuidado-de-las-enfermeras\" >\n\t\t\t\tLa Vocal\u00eda de Enfermer\u00eda del Trabajo del COIB y NUS\u00a0llevan la m\u00fasica al cuidado de las enfermeras\t\t\t<\/a>\n\t\t<\/h3>\n\t\t\n\t\t<a class=\"elementor-post__read-more\" href=\"https:\/\/www.nus.agency\/es\/blog\/la-vocalia-de-enfermeria-del-trabajo-del-coib-y-nus-llevan-la-musica-al-cuidado-de-las-enfermeras\" aria-label=\"Compartir en email\" tabindex=\"-1\" >\n\t\t\tLeer m\u00e1s \u00bb\t\t<\/a>\n\n\t\t\t\t<\/div>\n\t\t\t\t<\/article>\n\t\t\t\t<article class=\"elementor-post elementor-grid-item post-95846 post type-post status-publish format-standard has-post-thumbnail hentry category-blog category-master-fisioterapia-dermatofuncional\" role=\"listitem\">\n\t\t\t\t<a class=\"elementor-post__thumbnail__link\" href=\"https:\/\/www.nus.agency\/es\/blog\/el-papel-del-suelo-pelvico-en-los-hombres-funciones-y-disfunciones\" tabindex=\"-1\" >\n\t\t\t<div class=\"elementor-post__thumbnail\"><img loading=\"lazy\" decoding=\"async\" width=\"300\" height=\"180\" src=\"https:\/\/www.nus.agency\/wp-content\/uploads\/2026\/02\/imagen-destacada-articulo-suelo-pelvico-hombres-300x180.jpg\" class=\"attachment-medium size-medium wp-image-95875\" alt=\"imagen-destacada-articulo-suelo-pelvico-hombres\" srcset=\"https:\/\/www.nus.agency\/wp-content\/uploads\/2026\/02\/imagen-destacada-articulo-suelo-pelvico-hombres-300x180.jpg 300w, https:\/\/www.nus.agency\/wp-content\/uploads\/2026\/02\/imagen-destacada-articulo-suelo-pelvico-hombres-1024x614.jpg 1024w, https:\/\/www.nus.agency\/wp-content\/uploads\/2026\/02\/imagen-destacada-articulo-suelo-pelvico-hombres-768x461.jpg 768w, https:\/\/www.nus.agency\/wp-content\/uploads\/2026\/02\/imagen-destacada-articulo-suelo-pelvico-hombres.jpg 1250w\" sizes=\"(max-width: 300px) 100vw, 300px\" \/><\/div>\n\t\t<\/a>\n\t\t\t\t<div class=\"elementor-post__text\">\n\t\t\t\t<h3 class=\"elementor-post__title\">\n\t\t\t<a href=\"https:\/\/www.nus.agency\/es\/blog\/el-papel-del-suelo-pelvico-en-los-hombres-funciones-y-disfunciones\" >\n\t\t\t\tEl papel del suelo p\u00e9lvico en los hombres: funciones y disfunciones\t\t\t<\/a>\n\t\t<\/h3>\n\t\t\n\t\t<a class=\"elementor-post__read-more\" href=\"https:\/\/www.nus.agency\/es\/blog\/el-papel-del-suelo-pelvico-en-los-hombres-funciones-y-disfunciones\" aria-label=\"Compartir en email\" tabindex=\"-1\" >\n\t\t\tLeer m\u00e1s \u00bb\t\t<\/a>\n\n\t\t\t\t<\/div>\n\t\t\t\t<\/article>\n\t\t\t\t<\/div>\n\t\t\n\t\t\t\t\t\t<\/div>\n\t\t\t\t<\/div>\n\t\t\t\t\t<\/div>\n\t\t<\/div>\n\t\t\t\t\t<\/div>\n\t\t<\/section>\n\t\t\t\t<\/div>\n\t\t","protected":false},"excerpt":{"rendered":"<p>\u00a0 Todos hemos o\u00eddo este t\u00e9rmino: suelo p\u00e9lvico. Pero, \u00bfqu\u00e9 es y cu\u00e1les son sus funciones?\u00a0 Se trata de una red de m\u00fasculos, ligamentos y<\/p>\n","protected":false},"author":1,"featured_media":73031,"comment_status":"closed","ping_status":"open","sticky":false,"template":"","format":"standard","meta":{"_joinchat":[],"footnotes":""},"categories":[913,1218],"tags":[],"class_list":["post-73030","post","type-post","status-publish","format-standard","has-post-thumbnail","hentry","category-blog","category-master-fisioterapia-dermatofuncional"],"yoast_head":"<!-- This site is optimized with the Yoast SEO Premium plugin v25.9 (Yoast SEO v27.5) - https:\/\/yoast.com\/product\/yoast-seo-premium-wordpress\/ -->\n<title>Suelo p\u00e9lvico y fisioest\u00e9tica | NUS Agency<\/title>\n<meta name=\"description\" content=\"\u00bfSab\u00edas que la fisioest\u00e9tica dermatofuncional es la disciplina con mayor capacidad para tratar afecciones de suelo p\u00e9lvico?\" \/>\n<meta name=\"robots\" content=\"index, follow, max-snippet:-1, max-image-preview:large, max-video-preview:-1\" \/>\n<link rel=\"canonical\" href=\"https:\/\/www.nus.agency\/es\/blog\/suelo-pelvico-y-fisioestetica\" \/>\n<meta property=\"og:locale\" content=\"es_ES\" \/>\n<meta property=\"og:type\" content=\"article\" \/>\n<meta property=\"og:title\" content=\"Suelo p\u00e9lvico y fisioest\u00e9tica, \u00bfC\u00f3mo puede tratarse?\" \/>\n<meta property=\"og:description\" content=\"blog : Suelo p\u00e9lvico y fisioest\u00e9tica, \u00bfC\u00f3mo puede tratarse?\" \/>\n<meta property=\"og:url\" content=\"https:\/\/www.nus.agency\/es\/blog\/suelo-pelvico-y-fisioestetica\" \/>\n<meta property=\"og:site_name\" content=\"NUS Agency\" \/>\n<meta property=\"article:publisher\" content=\"https:\/\/www.facebook.com\/Nus.Agency\" \/>\n<meta property=\"article:published_time\" content=\"2024-01-15T14:11:55+00:00\" \/>\n<meta property=\"article:modified_time\" content=\"2024-12-04T17:10:45+00:00\" \/>\n<meta property=\"og:image\" content=\"https:\/\/www.nus.agency\/wp-content\/uploads\/2024\/01\/Post-blog-fisioestetica-suelo-pelvico.jpg\" \/>\n\t<meta property=\"og:image:width\" content=\"1250\" \/>\n\t<meta property=\"og:image:height\" content=\"750\" \/>\n\t<meta property=\"og:image:type\" content=\"image\/jpeg\" \/>\n<meta name=\"author\" content=\"adminnus\" \/>\n<meta name=\"twitter:card\" content=\"summary_large_image\" \/>\n<meta name=\"twitter:creator\" content=\"@NusUnidad\" \/>\n<meta name=\"twitter:site\" content=\"@NusUnidad\" \/>\n<meta name=\"twitter:label1\" content=\"Escrito por\" \/>\n\t<meta name=\"twitter:data1\" content=\"adminnus\" \/>\n\t<meta name=\"twitter:label2\" content=\"Tiempo de lectura\" \/>\n\t<meta name=\"twitter:data2\" content=\"6 minutos\" \/>\n<script type=\"application\/ld+json\" class=\"yoast-schema-graph\">{\"@context\":\"https:\\\/\\\/schema.org\",\"@graph\":[{\"@type\":[\"Article\",\"BlogPosting\"],\"@id\":\"https:\\\/\\\/www.nus.agency\\\/es\\\/blog\\\/suelo-pelvico-y-fisioestetica#article\",\"isPartOf\":{\"@id\":\"https:\\\/\\\/www.nus.agency\\\/es\\\/blog\\\/suelo-pelvico-y-fisioestetica\"},\"author\":{\"name\":\"adminnus\",\"@id\":\"https:\\\/\\\/www.nus.agency\\\/es\\\/#\\\/schema\\\/person\\\/afd025d2eda20a4518a50726f7e13277\"},\"headline\":\"Suelo p\u00e9lvico y fisioest\u00e9tica, \u00bfC\u00f3mo puede tratarse?\",\"datePublished\":\"2024-01-15T14:11:55+00:00\",\"dateModified\":\"2024-12-04T17:10:45+00:00\",\"mainEntityOfPage\":{\"@id\":\"https:\\\/\\\/www.nus.agency\\\/es\\\/blog\\\/suelo-pelvico-y-fisioestetica\"},\"wordCount\":748,\"publisher\":{\"@id\":\"https:\\\/\\\/www.nus.agency\\\/es\\\/#organization\"},\"image\":{\"@id\":\"https:\\\/\\\/www.nus.agency\\\/es\\\/blog\\\/suelo-pelvico-y-fisioestetica#primaryimage\"},\"thumbnailUrl\":\"https:\\\/\\\/www.nus.agency\\\/wp-content\\\/uploads\\\/2024\\\/01\\\/Post-blog-fisioestetica-suelo-pelvico.jpg\",\"articleSection\":[\"blog\",\"M\u00e1ster Fisioterapia Dermatofuncional\"],\"inLanguage\":\"es\"},{\"@type\":[\"WebPage\",\"ItemPage\"],\"@id\":\"https:\\\/\\\/www.nus.agency\\\/es\\\/blog\\\/suelo-pelvico-y-fisioestetica\",\"url\":\"https:\\\/\\\/www.nus.agency\\\/es\\\/blog\\\/suelo-pelvico-y-fisioestetica\",\"name\":\"Suelo p\u00e9lvico y fisioest\u00e9tica | NUS Agency\",\"isPartOf\":{\"@id\":\"https:\\\/\\\/www.nus.agency\\\/es\\\/#website\"},\"primaryImageOfPage\":{\"@id\":\"https:\\\/\\\/www.nus.agency\\\/es\\\/blog\\\/suelo-pelvico-y-fisioestetica#primaryimage\"},\"image\":{\"@id\":\"https:\\\/\\\/www.nus.agency\\\/es\\\/blog\\\/suelo-pelvico-y-fisioestetica#primaryimage\"},\"thumbnailUrl\":\"https:\\\/\\\/www.nus.agency\\\/wp-content\\\/uploads\\\/2024\\\/01\\\/Post-blog-fisioestetica-suelo-pelvico.jpg\",\"datePublished\":\"2024-01-15T14:11:55+00:00\",\"dateModified\":\"2024-12-04T17:10:45+00:00\",\"description\":\"\u00bfSab\u00edas que la fisioest\u00e9tica dermatofuncional es la disciplina con mayor capacidad para tratar afecciones de suelo p\u00e9lvico?\",\"breadcrumb\":{\"@id\":\"https:\\\/\\\/www.nus.agency\\\/es\\\/blog\\\/suelo-pelvico-y-fisioestetica#breadcrumb\"},\"inLanguage\":\"es\",\"potentialAction\":[{\"@type\":\"ReadAction\",\"target\":[\"https:\\\/\\\/www.nus.agency\\\/es\\\/blog\\\/suelo-pelvico-y-fisioestetica\"]}]},{\"@type\":\"ImageObject\",\"inLanguage\":\"es\",\"@id\":\"https:\\\/\\\/www.nus.agency\\\/es\\\/blog\\\/suelo-pelvico-y-fisioestetica#primaryimage\",\"url\":\"https:\\\/\\\/www.nus.agency\\\/wp-content\\\/uploads\\\/2024\\\/01\\\/Post-blog-fisioestetica-suelo-pelvico.jpg\",\"contentUrl\":\"https:\\\/\\\/www.nus.agency\\\/wp-content\\\/uploads\\\/2024\\\/01\\\/Post-blog-fisioestetica-suelo-pelvico.jpg\",\"width\":1250,\"height\":750,\"caption\":\"Fisioest\u00e9tica para suelo p\u00e9lvico\"},{\"@type\":\"BreadcrumbList\",\"@id\":\"https:\\\/\\\/www.nus.agency\\\/es\\\/blog\\\/suelo-pelvico-y-fisioestetica#breadcrumb\",\"itemListElement\":[{\"@type\":\"ListItem\",\"position\":1,\"name\":\"Inicio\",\"item\":\"https:\\\/\\\/www.nus.agency\\\/es\"},{\"@type\":\"ListItem\",\"position\":2,\"name\":\"blog\",\"item\":\"https:\\\/\\\/www.nus.agency\\\/es\\\/category\\\/blog\"},{\"@type\":\"ListItem\",\"position\":3,\"name\":\"Suelo p\u00e9lvico y fisioest\u00e9tica, \u00bfC\u00f3mo puede tratarse?\"}]},{\"@type\":\"WebSite\",\"@id\":\"https:\\\/\\\/www.nus.agency\\\/es\\\/#website\",\"url\":\"https:\\\/\\\/www.nus.agency\\\/es\\\/\",\"name\":\"NUS Agency\",\"description\":\"Formaci\u00f3n especializada en el sector salud y bienestar. M\u00e1ster en Enfermer\u00eda Dermoest\u00e9tica, Fisioest\u00e9tica, Neurom\u00fasica, Terapia Breve.\",\"publisher\":{\"@id\":\"https:\\\/\\\/www.nus.agency\\\/es\\\/#organization\"},\"alternateName\":\"nus.agency\",\"potentialAction\":[{\"@type\":\"SearchAction\",\"target\":{\"@type\":\"EntryPoint\",\"urlTemplate\":\"https:\\\/\\\/www.nus.agency\\\/es\\\/?s={search_term_string}\"},\"query-input\":{\"@type\":\"PropertyValueSpecification\",\"valueRequired\":true,\"valueName\":\"search_term_string\"}}],\"inLanguage\":\"es\"},{\"@type\":\"Organization\",\"@id\":\"https:\\\/\\\/www.nus.agency\\\/es\\\/#organization\",\"name\":\"Nus Agency\",\"alternateName\":\"nus.agency\",\"url\":\"https:\\\/\\\/www.nus.agency\\\/es\\\/\",\"logo\":{\"@type\":\"ImageObject\",\"inLanguage\":\"es\",\"@id\":\"https:\\\/\\\/www.nus.agency\\\/es\\\/#\\\/schema\\\/logo\\\/image\\\/\",\"url\":\"https:\\\/\\\/www.nus.agency\\\/wp-content\\\/uploads\\\/2023\\\/09\\\/LOGO-NUS.png\",\"contentUrl\":\"https:\\\/\\\/www.nus.agency\\\/wp-content\\\/uploads\\\/2023\\\/09\\\/LOGO-NUS.png\",\"width\":500,\"height\":500,\"caption\":\"Nus Agency\"},\"image\":{\"@id\":\"https:\\\/\\\/www.nus.agency\\\/es\\\/#\\\/schema\\\/logo\\\/image\\\/\"},\"sameAs\":[\"https:\\\/\\\/www.facebook.com\\\/Nus.Agency\",\"https:\\\/\\\/x.com\\\/NusUnidad\",\"https:\\\/\\\/www.instagram.com\\\/nus.agency\\\/\",\"https:\\\/\\\/www.linkedin.com\\\/school\\\/nus-agency\\\/\",\"https:\\\/\\\/www.youtube.com\\\/channel\\\/UCcseK4CACJLLFX6J19Om5qQ\"]},{\"@type\":\"Person\",\"@id\":\"https:\\\/\\\/www.nus.agency\\\/es\\\/#\\\/schema\\\/person\\\/afd025d2eda20a4518a50726f7e13277\",\"name\":\"adminnus\",\"image\":{\"@type\":\"ImageObject\",\"inLanguage\":\"es\",\"@id\":\"https:\\\/\\\/secure.gravatar.com\\\/avatar\\\/1e3e3059e4c9d0b4911774c1f38cdd13d83fba8c376dd212040b1d141a1526a3?s=96&d=mm&r=g\",\"url\":\"https:\\\/\\\/secure.gravatar.com\\\/avatar\\\/1e3e3059e4c9d0b4911774c1f38cdd13d83fba8c376dd212040b1d141a1526a3?s=96&d=mm&r=g\",\"contentUrl\":\"https:\\\/\\\/secure.gravatar.com\\\/avatar\\\/1e3e3059e4c9d0b4911774c1f38cdd13d83fba8c376dd212040b1d141a1526a3?s=96&d=mm&r=g\",\"caption\":\"adminnus\"},\"url\":\"https:\\\/\\\/www.nus.agency\\\/es\\\/author\\\/adminnus\"}]}<\/script>\n<!-- \/ Yoast SEO Premium plugin. -->","yoast_head_json":{"title":"Suelo p\u00e9lvico y fisioest\u00e9tica | NUS Agency","description":"\u00bfSab\u00edas que la fisioest\u00e9tica dermatofuncional es la disciplina con mayor capacidad para tratar afecciones de suelo p\u00e9lvico?","robots":{"index":"index","follow":"follow","max-snippet":"max-snippet:-1","max-image-preview":"max-image-preview:large","max-video-preview":"max-video-preview:-1"},"canonical":"https:\/\/www.nus.agency\/es\/blog\/suelo-pelvico-y-fisioestetica","og_locale":"es_ES","og_type":"article","og_title":"Suelo p\u00e9lvico y fisioest\u00e9tica, \u00bfC\u00f3mo puede tratarse?","og_description":"blog : Suelo p\u00e9lvico y fisioest\u00e9tica, \u00bfC\u00f3mo puede tratarse?","og_url":"https:\/\/www.nus.agency\/es\/blog\/suelo-pelvico-y-fisioestetica","og_site_name":"NUS Agency","article_publisher":"https:\/\/www.facebook.com\/Nus.Agency","article_published_time":"2024-01-15T14:11:55+00:00","article_modified_time":"2024-12-04T17:10:45+00:00","og_image":[{"width":1250,"height":750,"url":"https:\/\/www.nus.agency\/wp-content\/uploads\/2024\/01\/Post-blog-fisioestetica-suelo-pelvico.jpg","type":"image\/jpeg"}],"author":"adminnus","twitter_card":"summary_large_image","twitter_creator":"@NusUnidad","twitter_site":"@NusUnidad","twitter_misc":{"Escrito por":"adminnus","Tiempo de lectura":"6 minutos"},"schema":{"@context":"https:\/\/schema.org","@graph":[{"@type":["Article","BlogPosting"],"@id":"https:\/\/www.nus.agency\/es\/blog\/suelo-pelvico-y-fisioestetica#article","isPartOf":{"@id":"https:\/\/www.nus.agency\/es\/blog\/suelo-pelvico-y-fisioestetica"},"author":{"name":"adminnus","@id":"https:\/\/www.nus.agency\/es\/#\/schema\/person\/afd025d2eda20a4518a50726f7e13277"},"headline":"Suelo p\u00e9lvico y fisioest\u00e9tica, \u00bfC\u00f3mo puede tratarse?","datePublished":"2024-01-15T14:11:55+00:00","dateModified":"2024-12-04T17:10:45+00:00","mainEntityOfPage":{"@id":"https:\/\/www.nus.agency\/es\/blog\/suelo-pelvico-y-fisioestetica"},"wordCount":748,"publisher":{"@id":"https:\/\/www.nus.agency\/es\/#organization"},"image":{"@id":"https:\/\/www.nus.agency\/es\/blog\/suelo-pelvico-y-fisioestetica#primaryimage"},"thumbnailUrl":"https:\/\/www.nus.agency\/wp-content\/uploads\/2024\/01\/Post-blog-fisioestetica-suelo-pelvico.jpg","articleSection":["blog","M\u00e1ster Fisioterapia Dermatofuncional"],"inLanguage":"es"},{"@type":["WebPage","ItemPage"],"@id":"https:\/\/www.nus.agency\/es\/blog\/suelo-pelvico-y-fisioestetica","url":"https:\/\/www.nus.agency\/es\/blog\/suelo-pelvico-y-fisioestetica","name":"Suelo p\u00e9lvico y fisioest\u00e9tica | NUS Agency","isPartOf":{"@id":"https:\/\/www.nus.agency\/es\/#website"},"primaryImageOfPage":{"@id":"https:\/\/www.nus.agency\/es\/blog\/suelo-pelvico-y-fisioestetica#primaryimage"},"image":{"@id":"https:\/\/www.nus.agency\/es\/blog\/suelo-pelvico-y-fisioestetica#primaryimage"},"thumbnailUrl":"https:\/\/www.nus.agency\/wp-content\/uploads\/2024\/01\/Post-blog-fisioestetica-suelo-pelvico.jpg","datePublished":"2024-01-15T14:11:55+00:00","dateModified":"2024-12-04T17:10:45+00:00","description":"\u00bfSab\u00edas que la fisioest\u00e9tica dermatofuncional es la disciplina con mayor capacidad para tratar afecciones de suelo p\u00e9lvico?","breadcrumb":{"@id":"https:\/\/www.nus.agency\/es\/blog\/suelo-pelvico-y-fisioestetica#breadcrumb"},"inLanguage":"es","potentialAction":[{"@type":"ReadAction","target":["https:\/\/www.nus.agency\/es\/blog\/suelo-pelvico-y-fisioestetica"]}]},{"@type":"ImageObject","inLanguage":"es","@id":"https:\/\/www.nus.agency\/es\/blog\/suelo-pelvico-y-fisioestetica#primaryimage","url":"https:\/\/www.nus.agency\/wp-content\/uploads\/2024\/01\/Post-blog-fisioestetica-suelo-pelvico.jpg","contentUrl":"https:\/\/www.nus.agency\/wp-content\/uploads\/2024\/01\/Post-blog-fisioestetica-suelo-pelvico.jpg","width":1250,"height":750,"caption":"Fisioest\u00e9tica para suelo p\u00e9lvico"},{"@type":"BreadcrumbList","@id":"https:\/\/www.nus.agency\/es\/blog\/suelo-pelvico-y-fisioestetica#breadcrumb","itemListElement":[{"@type":"ListItem","position":1,"name":"Inicio","item":"https:\/\/www.nus.agency\/es"},{"@type":"ListItem","position":2,"name":"blog","item":"https:\/\/www.nus.agency\/es\/category\/blog"},{"@type":"ListItem","position":3,"name":"Suelo p\u00e9lvico y fisioest\u00e9tica, \u00bfC\u00f3mo puede tratarse?"}]},{"@type":"WebSite","@id":"https:\/\/www.nus.agency\/es\/#website","url":"https:\/\/www.nus.agency\/es\/","name":"NUS Agency","description":"Formaci\u00f3n especializada en el sector salud y bienestar. M\u00e1ster en Enfermer\u00eda Dermoest\u00e9tica, Fisioest\u00e9tica, Neurom\u00fasica, Terapia Breve.","publisher":{"@id":"https:\/\/www.nus.agency\/es\/#organization"},"alternateName":"nus.agency","potentialAction":[{"@type":"SearchAction","target":{"@type":"EntryPoint","urlTemplate":"https:\/\/www.nus.agency\/es\/?s={search_term_string}"},"query-input":{"@type":"PropertyValueSpecification","valueRequired":true,"valueName":"search_term_string"}}],"inLanguage":"es"},{"@type":"Organization","@id":"https:\/\/www.nus.agency\/es\/#organization","name":"Nus Agency","alternateName":"nus.agency","url":"https:\/\/www.nus.agency\/es\/","logo":{"@type":"ImageObject","inLanguage":"es","@id":"https:\/\/www.nus.agency\/es\/#\/schema\/logo\/image\/","url":"https:\/\/www.nus.agency\/wp-content\/uploads\/2023\/09\/LOGO-NUS.png","contentUrl":"https:\/\/www.nus.agency\/wp-content\/uploads\/2023\/09\/LOGO-NUS.png","width":500,"height":500,"caption":"Nus Agency"},"image":{"@id":"https:\/\/www.nus.agency\/es\/#\/schema\/logo\/image\/"},"sameAs":["https:\/\/www.facebook.com\/Nus.Agency","https:\/\/x.com\/NusUnidad","https:\/\/www.instagram.com\/nus.agency\/","https:\/\/www.linkedin.com\/school\/nus-agency\/","https:\/\/www.youtube.com\/channel\/UCcseK4CACJLLFX6J19Om5qQ"]},{"@type":"Person","@id":"https:\/\/www.nus.agency\/es\/#\/schema\/person\/afd025d2eda20a4518a50726f7e13277","name":"adminnus","image":{"@type":"ImageObject","inLanguage":"es","@id":"https:\/\/secure.gravatar.com\/avatar\/1e3e3059e4c9d0b4911774c1f38cdd13d83fba8c376dd212040b1d141a1526a3?s=96&d=mm&r=g","url":"https:\/\/secure.gravatar.com\/avatar\/1e3e3059e4c9d0b4911774c1f38cdd13d83fba8c376dd212040b1d141a1526a3?s=96&d=mm&r=g","contentUrl":"https:\/\/secure.gravatar.com\/avatar\/1e3e3059e4c9d0b4911774c1f38cdd13d83fba8c376dd212040b1d141a1526a3?s=96&d=mm&r=g","caption":"adminnus"},"url":"https:\/\/www.nus.agency\/es\/author\/adminnus"}]}},"_links":{"self":[{"href":"https:\/\/www.nus.agency\/es\/wp-json\/wp\/v2\/posts\/73030","targetHints":{"allow":["GET"]}}],"collection":[{"href":"https:\/\/www.nus.agency\/es\/wp-json\/wp\/v2\/posts"}],"about":[{"href":"https:\/\/www.nus.agency\/es\/wp-json\/wp\/v2\/types\/post"}],"author":[{"embeddable":true,"href":"https:\/\/www.nus.agency\/es\/wp-json\/wp\/v2\/users\/1"}],"replies":[{"embeddable":true,"href":"https:\/\/www.nus.agency\/es\/wp-json\/wp\/v2\/comments?post=73030"}],"version-history":[{"count":38,"href":"https:\/\/www.nus.agency\/es\/wp-json\/wp\/v2\/posts\/73030\/revisions"}],"predecessor-version":[{"id":91303,"href":"https:\/\/www.nus.agency\/es\/wp-json\/wp\/v2\/posts\/73030\/revisions\/91303"}],"wp:featuredmedia":[{"embeddable":true,"href":"https:\/\/www.nus.agency\/es\/wp-json\/wp\/v2\/media\/73031"}],"wp:attachment":[{"href":"https:\/\/www.nus.agency\/es\/wp-json\/wp\/v2\/media?parent=73030"}],"wp:term":[{"taxonomy":"category","embeddable":true,"href":"https:\/\/www.nus.agency\/es\/wp-json\/wp\/v2\/categories?post=73030"},{"taxonomy":"post_tag","embeddable":true,"href":"https:\/\/www.nus.agency\/es\/wp-json\/wp\/v2\/tags?post=73030"}],"curies":[{"name":"wp","href":"https:\/\/api.w.org\/{rel}","templated":true}]}}