{"id":78951,"date":"2024-10-01T12:11:41","date_gmt":"2024-10-01T10:11:41","guid":{"rendered":"https:\/\/www.nus.agency\/?p=78951"},"modified":"2025-02-01T19:05:52","modified_gmt":"2025-02-01T17:05:52","slug":"imagen-corporal-y-violencia-de-genero","status":"publish","type":"post","link":"https:\/\/www.nus.agency\/es\/blog\/imagen-corporal-y-violencia-de-genero","title":{"rendered":"Imagen Corporal y violencia de g\u00e9nero"},"content":{"rendered":"\t\t<div data-elementor-type=\"wp-post\" data-elementor-id=\"78951\" class=\"elementor elementor-78951\" data-elementor-post-type=\"post\">\n\t\t\t\t\t\t<section class=\"elementor-section elementor-top-section elementor-element elementor-element-f57c956 section-page-top elementor-section-boxed elementor-section-height-default elementor-section-height-default\" data-id=\"f57c956\" data-element_type=\"section\" data-e-type=\"section\">\n\t\t\t\t\t\t<div class=\"elementor-container elementor-column-gap-default\">\n\t\t\t\t\t<div class=\"elementor-column elementor-col-100 elementor-top-column elementor-element elementor-element-1f4ada0\" data-id=\"1f4ada0\" data-element_type=\"column\" data-e-type=\"column\">\n\t\t\t<div class=\"elementor-widget-wrap elementor-element-populated\">\n\t\t\t\t\t\t<div class=\"elementor-element elementor-element-a035422 elementor-widget elementor-widget-progress-tracker\" data-id=\"a035422\" data-element_type=\"widget\" data-e-type=\"widget\" data-settings=\"{&quot;type&quot;:&quot;horizontal&quot;,&quot;relative_to&quot;:&quot;entire_page&quot;,&quot;percentage&quot;:&quot;no&quot;}\" data-widget_type=\"progress-tracker.default\">\n\t\t\t\t<div class=\"elementor-widget-container\">\n\t\t\t\t\t\n\t\t<div class=\"elementor-scrolling-tracker elementor-scrolling-tracker-horizontal elementor-scrolling-tracker-alignment-\">\n\t\t\t\t\t\t<div class=\"current-progress\">\n\t\t\t\t\t<div class=\"current-progress-percentage\"><\/div>\n\t\t\t\t<\/div>\n\t\t\t\t<\/div>\n\t\t\t\t\t\t<\/div>\n\t\t\t\t<\/div>\n\t\t\t\t<div class=\"elementor-element elementor-element-6cc34ba elementor-widget elementor-widget-heading\" data-id=\"6cc34ba\" data-element_type=\"widget\" data-e-type=\"widget\" data-widget_type=\"heading.default\">\n\t\t\t\t<div class=\"elementor-widget-container\">\n\t\t\t\t\t<h1 class=\"elementor-heading-title elementor-size-default\">Imagen Corporal y violencia de g\u00e9nero<\/h1>\t\t\t\t<\/div>\n\t\t\t\t<\/div>\n\t\t\t\t\t<\/div>\n\t\t<\/div>\n\t\t\t\t\t<\/div>\n\t\t<\/section>\n\t\t\t\t<section class=\"elementor-section elementor-top-section elementor-element elementor-element-511384f elementor-section-boxed elementor-section-height-default elementor-section-height-default\" data-id=\"511384f\" data-element_type=\"section\" data-e-type=\"section\">\n\t\t\t\t\t\t<div class=\"elementor-container elementor-column-gap-default\">\n\t\t\t\t\t<div class=\"elementor-column elementor-col-100 elementor-top-column elementor-element elementor-element-24b22c1\" data-id=\"24b22c1\" data-element_type=\"column\" data-e-type=\"column\">\n\t\t\t<div class=\"elementor-widget-wrap elementor-element-populated\">\n\t\t\t\t\t\t<div class=\"elementor-element elementor-element-510f6c0 elementor-widget elementor-widget-spacer\" data-id=\"510f6c0\" data-element_type=\"widget\" data-e-type=\"widget\" data-widget_type=\"spacer.default\">\n\t\t\t\t<div class=\"elementor-widget-container\">\n\t\t\t\t\t\t\t<div class=\"elementor-spacer\">\n\t\t\t<div class=\"elementor-spacer-inner\"><\/div>\n\t\t<\/div>\n\t\t\t\t\t\t<\/div>\n\t\t\t\t<\/div>\n\t\t\t\t<div class=\"elementor-element elementor-element-0c4c5f7 elementor-widget elementor-widget-image\" data-id=\"0c4c5f7\" data-element_type=\"widget\" data-e-type=\"widget\" data-widget_type=\"image.default\">\n\t\t\t\t<div class=\"elementor-widget-container\">\n\t\t\t\t\t\t\t\t\t\t\t\t\t\t\t<img fetchpriority=\"high\" decoding=\"async\" width=\"1024\" height=\"614\" src=\"https:\/\/www.nus.agency\/wp-content\/uploads\/2024\/09\/1-5-1024x614.jpg\" class=\"attachment-large size-large wp-image-78952\" alt=\"imagen-corporal-violencia-de-genero\" srcset=\"https:\/\/www.nus.agency\/wp-content\/uploads\/2024\/09\/1-5-1024x614.jpg 1024w, https:\/\/www.nus.agency\/wp-content\/uploads\/2024\/09\/1-5-300x180.jpg 300w, https:\/\/www.nus.agency\/wp-content\/uploads\/2024\/09\/1-5-768x461.jpg 768w, https:\/\/www.nus.agency\/wp-content\/uploads\/2024\/09\/1-5.jpg 1250w\" sizes=\"(max-width: 1024px) 100vw, 1024px\" \/>\t\t\t\t\t\t\t\t\t\t\t\t\t\t\t<\/div>\n\t\t\t\t<\/div>\n\t\t\t\t<div class=\"elementor-element elementor-element-f5ae33e elementor-share-buttons--view-icon elementor-share-buttons--skin-flat elementor-share-buttons--color-custom elementor-share-buttons--shape-square elementor-grid-0 elementor-widget elementor-widget-share-buttons\" data-id=\"f5ae33e\" data-element_type=\"widget\" data-e-type=\"widget\" data-widget_type=\"share-buttons.default\">\n\t\t\t\t<div class=\"elementor-widget-container\">\n\t\t\t\t\t\t\t<div class=\"elementor-grid\" role=\"list\">\n\t\t\t\t\t\t\t\t<div class=\"elementor-grid-item\" role=\"listitem\">\n\t\t\t\t\t\t<div class=\"elementor-share-btn elementor-share-btn_email\" role=\"button\" tabindex=\"0\" aria-label=\"Compartir en email\">\n\t\t\t\t\t\t\t\t\t\t\t\t\t\t\t<span class=\"elementor-share-btn__icon\">\n\t\t\t\t\t\t\t\t<i class=\"fas fa-envelope\" aria-hidden=\"true\"><\/i>\t\t\t\t\t\t\t<\/span>\n\t\t\t\t\t\t\t\t\t\t\t\t\t\t\t\t\t\t\t\t<\/div>\n\t\t\t\t\t<\/div>\n\t\t\t\t\t\t\t\t\t<div class=\"elementor-grid-item\" role=\"listitem\">\n\t\t\t\t\t\t<div class=\"elementor-share-btn elementor-share-btn_facebook\" role=\"button\" tabindex=\"0\" aria-label=\"Compartir en email\">\n\t\t\t\t\t\t\t\t\t\t\t\t\t\t\t<span class=\"elementor-share-btn__icon\">\n\t\t\t\t\t\t\t\t<i class=\"fab fa-facebook\" aria-hidden=\"true\"><\/i>\t\t\t\t\t\t\t<\/span>\n\t\t\t\t\t\t\t\t\t\t\t\t\t\t\t\t\t\t\t\t<\/div>\n\t\t\t\t\t<\/div>\n\t\t\t\t\t\t\t\t\t<div class=\"elementor-grid-item\" role=\"listitem\">\n\t\t\t\t\t\t<div class=\"elementor-share-btn elementor-share-btn_linkedin\" role=\"button\" tabindex=\"0\" aria-label=\"Compartir en email\">\n\t\t\t\t\t\t\t\t\t\t\t\t\t\t\t<span class=\"elementor-share-btn__icon\">\n\t\t\t\t\t\t\t\t<i class=\"fab fa-linkedin\" aria-hidden=\"true\"><\/i>\t\t\t\t\t\t\t<\/span>\n\t\t\t\t\t\t\t\t\t\t\t\t\t\t\t\t\t\t\t\t<\/div>\n\t\t\t\t\t<\/div>\n\t\t\t\t\t\t<\/div>\n\t\t\t\t\t\t<\/div>\n\t\t\t\t<\/div>\n\t\t\t\t\t<\/div>\n\t\t<\/div>\n\t\t\t\t\t<\/div>\n\t\t<\/section>\n\t\t\t\t<section class=\"elementor-section elementor-top-section elementor-element elementor-element-7ae5205 elementor-section-boxed elementor-section-height-default elementor-section-height-default\" data-id=\"7ae5205\" data-element_type=\"section\" data-e-type=\"section\">\n\t\t\t\t\t\t<div class=\"elementor-container elementor-column-gap-default\">\n\t\t\t\t\t<div class=\"elementor-column elementor-col-100 elementor-top-column elementor-element elementor-element-57cb5a8\" data-id=\"57cb5a8\" data-element_type=\"column\" data-e-type=\"column\">\n\t\t\t<div class=\"elementor-widget-wrap elementor-element-populated\">\n\t\t\t\t\t\t<div class=\"elementor-element elementor-element-815046a elementor-widget__width-initial elementor-widget elementor-widget-text-editor\" data-id=\"815046a\" data-element_type=\"widget\" data-e-type=\"widget\" data-widget_type=\"text-editor.default\">\n\t\t\t\t<div class=\"elementor-widget-container\">\n\t\t\t\t\t\t\t\t\t<p>La <strong>violencia de g\u00e9nero<\/strong> puede dejar en sus v\u00edctimas <strong>huellas f\u00edsicas y psicol\u00f3gicas<\/strong> muy variadas y dif\u00edciles de borrar. Y es que la violencia que se ejerce sobre las mujeres no solamente da\u00f1a su <strong>aspecto f\u00edsico<\/strong>, tambi\u00e9n puede mermar su <strong>salud mental<\/strong> y, con todo ello, hundir su <strong>autoestima<\/strong>. La recuperaci\u00f3n de estas secuelas es lenta y se logra a largo plazo con mucho acompa\u00f1amiento y terapia.<\/p>\t\t\t\t\t\t\t\t<\/div>\n\t\t\t\t<\/div>\n\t\t\t\t<div class=\"elementor-element elementor-element-2b17e8d elementor-widget elementor-widget-heading\" data-id=\"2b17e8d\" data-element_type=\"widget\" data-e-type=\"widget\" data-widget_type=\"heading.default\">\n\t\t\t\t<div class=\"elementor-widget-container\">\n\t\t\t\t\t<h2 class=\"elementor-heading-title elementor-size-default\">Da\u00f1o a la Imagen Corporal<\/h2>\t\t\t\t<\/div>\n\t\t\t\t<\/div>\n\t\t\t\t<div class=\"elementor-element elementor-element-697bdab elementor-widget__width-initial elementor-widget elementor-widget-text-editor\" data-id=\"697bdab\" data-element_type=\"widget\" data-e-type=\"widget\" data-widget_type=\"text-editor.default\">\n\t\t\t\t<div class=\"elementor-widget-container\">\n\t\t\t\t\t\t\t\t\t<p>Si bien se ha hablado mucho (y hay que seguir haci\u00e9ndolo) sobre las devastadoras consecuencias que provoca en la vida de las mujeres el hecho de haber sufrido violencia por parte de sus parejas, ex parejas o compa\u00f1eros sentimentales, hay un elemento clave en estas situaciones que no suele ponerse encima de la mesa: las secuelas que conlleva para la imagen corporal de ellas. La <a href=\"https:\/\/www.nus.agency\/master-imagen-corporal\/imagen-corporal-y-salud-que-es-como-se-crea-y-como-nos-afecta\">imagen corporal <\/a>de una mujer que ha sido v\u00edctima de violencia de g\u00e9nero se ve altamente afectada, generando en ella una autoevaluaci\u00f3n negativa, con una visi\u00f3n en muchas ocasiones distorsionada, debido a una sensaci\u00f3n de inseguridad mezclada con sentimientos de fracaso y culpabilidad. <strong>La recuperaci\u00f3n de la autoestima pasa, muchas veces, por reparar la imagen corporal que ha sido degradada por el agresor.<\/strong> La v\u00edctima puede experimentar rechazo o verg\u00fcenza hacia su propio cuerpo debido a la acumulaci\u00f3n de emociones negativas a lo largo del abuso y estr\u00e9s sufrido.<\/p><p>La relaci\u00f3n compleja que las v\u00edctimas tienen con su <strong>imagen corporal<\/strong> est\u00e1 influenciada por m\u00faltiples factores derivados del abuso, tanto f\u00edsico como emocional. Algunas de las principales <strong>conexiones entre la violencia de g\u00e9nero y la imagen corporal<\/strong> son:<\/p><ul><li><strong>Desvalorizaci\u00f3n y baja autoestima<\/strong>: Los abusadores a menudo socavan la autoestima de sus v\u00edctimas mediante humillaciones, insultos o comentarios despectivos sobre su apariencia f\u00edsica. Esto puede llevar a las v\u00edctimas a desarrollar una percepci\u00f3n distorsionada y negativa de su cuerpo.<\/li><li><strong>Sentimientos de culpa y verg\u00fcenza<\/strong>: Muchas v\u00edctimas de violencia de g\u00e9nero pueden sentirse culpables o responsables por el abuso que sufren, lo que a su vez puede impactar en c\u00f3mo se ven a s\u00ed mismas. La verg\u00fcenza tambi\u00e9n puede llevarlas a sentirse \u00abindignas\u00bb o insatisfechas con su cuerpo.<\/li><li><strong>Cambios en el aspecto debido a la violencia f\u00edsica<\/strong>: Las v\u00edctimas de abuso f\u00edsico pueden sufrir lesiones visibles (moratones, cicatrices, fracturas) que alteren su apariencia y afecten su relaci\u00f3n con su cuerpo, sinti\u00e9ndose menos atractivas o avergonzadas.<\/li><li><strong>Disociaci\u00f3n y desconexi\u00f3n con el cuerpo<\/strong>: Algunas v\u00edctimas desarrollan una disociaci\u00f3n emocional de su cuerpo como mecanismo de defensa para lidiar con el trauma, lo que puede llevar a una desconexi\u00f3n entre su percepci\u00f3n corporal y su propio sentido de identidad.<\/li><li><strong>Des\u00f3rdenes alimentarios o abuso de sustancias<\/strong>: Las v\u00edctimas de violencia de g\u00e9nero pueden recurrir a conductas autodestructivas, como trastornos alimentarios o el uso de alcohol y drogas, como forma de manejar el dolor emocional. Esto puede afectar a\u00fan m\u00e1s su imagen corporal, ya que estos comportamientos suelen impactar negativamente la salud f\u00edsica y la autoestima.<\/li><\/ul>\t\t\t\t\t\t\t\t<\/div>\n\t\t\t\t<\/div>\n\t\t\t\t<div class=\"elementor-element elementor-element-4ff2e00 elementor-widget elementor-widget-heading\" data-id=\"4ff2e00\" data-element_type=\"widget\" data-e-type=\"widget\" data-widget_type=\"heading.default\">\n\t\t\t\t<div class=\"elementor-widget-container\">\n\t\t\t\t\t<h2 class=\"elementor-heading-title elementor-size-default\">Recuperaci\u00f3n de la autoestima<\/h2>\t\t\t\t<\/div>\n\t\t\t\t<\/div>\n\t\t\t\t<div class=\"elementor-element elementor-element-6685794 elementor-widget elementor-widget-image\" data-id=\"6685794\" data-element_type=\"widget\" data-e-type=\"widget\" data-widget_type=\"image.default\">\n\t\t\t\t<div class=\"elementor-widget-container\">\n\t\t\t\t\t\t\t\t\t\t\t\t\t\t\t<img decoding=\"async\" width=\"1024\" height=\"614\" src=\"https:\/\/www.nus.agency\/wp-content\/uploads\/2024\/09\/2-6-1024x614.jpg\" class=\"attachment-large size-large wp-image-78954\" alt=\"imagen-corporal-violencia-genero\" srcset=\"https:\/\/www.nus.agency\/wp-content\/uploads\/2024\/09\/2-6-1024x614.jpg 1024w, https:\/\/www.nus.agency\/wp-content\/uploads\/2024\/09\/2-6-300x180.jpg 300w, https:\/\/www.nus.agency\/wp-content\/uploads\/2024\/09\/2-6-768x461.jpg 768w, https:\/\/www.nus.agency\/wp-content\/uploads\/2024\/09\/2-6.jpg 1250w\" sizes=\"(max-width: 1024px) 100vw, 1024px\" \/>\t\t\t\t\t\t\t\t\t\t\t\t\t\t\t<\/div>\n\t\t\t\t<\/div>\n\t\t\t\t<div class=\"elementor-element elementor-element-b3f39a4 elementor-widget__width-initial elementor-widget elementor-widget-text-editor\" data-id=\"b3f39a4\" data-element_type=\"widget\" data-e-type=\"widget\" data-widget_type=\"text-editor.default\">\n\t\t\t\t<div class=\"elementor-widget-container\">\n\t\t\t\t\t\t\t\t\t<p>Para restaurar la autoestima herida de una mujer que ha sufrido <strong>maltrato f\u00edsico y psicol\u00f3gico<\/strong>, es necesario llevar a cabo un trabajo terap\u00e9utico. Esta atenci\u00f3n psicol\u00f3gica se basa en ofrecer un espacio seguro para que pueda liberar emociones y explorar miedos e inseguridades. Se le ofrecer\u00e1n las herramientas necesarias para que pueda procesar todas esas emociones y sanar.<\/p><p>La terapia no solamente ofrece apoyo emocional para curar el trauma vivido, tambi\u00e9n ayuda a identificar patrones de abuso de cara a prevenir futuras relaciones t\u00f3xicas o problem\u00e1ticas. <strong>Junto al trabajo en la recuperaci\u00f3n f\u00edsica de la v\u00edctima, se la acompa\u00f1ar\u00e1 para que se empodere de nuevo y pueda reconstruir su vida alrededor de relaciones saludables.<\/strong><\/p><p>A esto, se suma el refuerzo de las redes de apoyo, ya sea el entorno familiar o un grupo de apoyo espec\u00edfico, <strong>el fomento del autocuidado <\/strong>para animar a la persona a practicar actividades que promuevan su bienestar f\u00edsico y emocional y el refuerzo de una autoimagen positiva.<\/p><p>Las <a href=\"https:\/\/www.nus.agency\/blog\/competencias-enfermera-imagen-corporal\">enfermeras gestoras de la Imagen Corporal<\/a>\u00a0 y los fisioterapeutas expertos en <a href=\"https:\/\/www.nus.agency\/masters-y-postgrados\/master-fisioterapia-dermatofuncional\">Fisioest\u00e9tica y Dermatofuncional<\/a> juegan un papel clave durante este proceso, ya que son quienes pueden aportar la ayuda f\u00edsica y psicol\u00f3gica, debido a sus conocimientos integrales del <strong><a href=\"https:\/\/www.nus.agency\/master-imagen-corporal\/el-papel-fundamental-de-la-dermoestetica-en-el-cuidado-de-la-imagen-corporal\">cuidado de la piel<\/a>, as\u00ed como el <a href=\"https:\/\/www.nus.agency\/blog\/las-cicatrices-ya-no-son-para-toda-la-vida\">tratamiento de cicatrices<\/a> y marcas que pueden resultar traum\u00e1ticas para la paciente.<\/strong><\/p><p>La recuperaci\u00f3n de la autoestima en una v\u00edctima de violencia de g\u00e9nero implica un proceso integral que abarca <strong>apoyo terap\u00e9utico<\/strong>,<strong> emocional y social<\/strong>. Es clave que la v\u00edctima sienta seguridad, independencia y que, poco a poco, recupere la confianza en sus propias capacidades y valore qui\u00e9n es.<\/p>\t\t\t\t\t\t\t\t<\/div>\n\t\t\t\t<\/div>\n\t\t\t\t\t<\/div>\n\t\t<\/div>\n\t\t\t\t\t<\/div>\n\t\t<\/section>\n\t\t\t\t<section class=\"elementor-section elementor-top-section elementor-element elementor-element-015b5fe elementor-section-boxed elementor-section-height-default elementor-section-height-default\" data-id=\"015b5fe\" data-element_type=\"section\" data-e-type=\"section\">\n\t\t\t\t\t\t<div class=\"elementor-container elementor-column-gap-default\">\n\t\t\t\t\t<div class=\"elementor-column elementor-col-100 elementor-top-column elementor-element elementor-element-cfef2b7\" data-id=\"cfef2b7\" data-element_type=\"column\" data-e-type=\"column\">\n\t\t\t<div class=\"elementor-widget-wrap elementor-element-populated\">\n\t\t\t\t\t\t<div class=\"elementor-element elementor-element-e74c0f2 elementor-cta--layout-image-left elementor-cta--mobile-layout-image-above elementor-cta--skin-classic elementor-animated-content elementor-bg-transform elementor-bg-transform-zoom-in elementor-widget elementor-widget-call-to-action\" data-id=\"e74c0f2\" data-element_type=\"widget\" data-e-type=\"widget\" data-widget_type=\"call-to-action.default\">\n\t\t\t\t<div class=\"elementor-widget-container\">\n\t\t\t\t\t\t\t<div class=\"elementor-cta\">\n\t\t\t\t\t<div class=\"elementor-cta__bg-wrapper\">\n\t\t\t\t<div class=\"elementor-cta__bg elementor-bg\" style=\"background-image: url(https:\/\/www.nus.agency\/wp-content\/uploads\/2024\/08\/1-1-1024x614.jpg);\" role=\"img\" aria-label=\"Compartir en email\"><\/div>\n\t\t\t\t<div class=\"elementor-cta__bg-overlay\"><\/div>\n\t\t\t<\/div>\n\t\t\t\t\t\t\t<div class=\"elementor-cta__content\">\n\t\t\t\t\n\t\t\t\t\t\t\t\t\t<h2 class=\"elementor-cta__title elementor-cta__content-item elementor-content-item\">\n\t\t\t\t\t\t\u00bfQu\u00e9 es el duelo corporal?\t\t\t\t\t<\/h2>\n\t\t\t\t\n\t\t\t\t\t\t\t\t\t<div class=\"elementor-cta__description elementor-cta__content-item elementor-content-item\">\n\t\t\t\t\t\tNuestro cuerpo puede verse alterado temporal o permanentemente por diversos factores y el proceso de aceptaci\u00f3n no siempre es r\u00e1pido y f\u00e1cil.\t\t\t\t\t<\/div>\n\t\t\t\t\n\t\t\t\t\t\t\t\t\t<div class=\"elementor-cta__button-wrapper elementor-cta__content-item elementor-content-item \">\n\t\t\t\t\t<a class=\"elementor-cta__button elementor-button elementor-size-\" href=\"https:\/\/www.nus.agency\/master-imagen-corporal\/que-es-el-duelo-corporal\">\n\t\t\t\t\t\tLeer el art\u00edculo\t\t\t\t\t<\/a>\n\t\t\t\t\t<\/div>\n\t\t\t\t\t\t\t<\/div>\n\t\t\t\t\t\t<\/div>\n\t\t\t\t\t\t<\/div>\n\t\t\t\t<\/div>\n\t\t\t\t\t<\/div>\n\t\t<\/div>\n\t\t\t\t\t<\/div>\n\t\t<\/section>\n\t\t\t\t<section class=\"elementor-section elementor-top-section elementor-element elementor-element-e7564ee elementor-section-boxed elementor-section-height-default elementor-section-height-default\" data-id=\"e7564ee\" data-element_type=\"section\" data-e-type=\"section\">\n\t\t\t\t\t\t<div class=\"elementor-container elementor-column-gap-default\">\n\t\t\t\t\t<div class=\"elementor-column elementor-col-100 elementor-top-column elementor-element elementor-element-83f12d3\" data-id=\"83f12d3\" data-element_type=\"column\" data-e-type=\"column\">\n\t\t\t<div class=\"elementor-widget-wrap elementor-element-populated\">\n\t\t\t\t\t\t<div class=\"elementor-element elementor-element-779fc31 elementor-widget elementor-widget-heading\" data-id=\"779fc31\" data-element_type=\"widget\" data-e-type=\"widget\" data-widget_type=\"heading.default\">\n\t\t\t\t<div class=\"elementor-widget-container\">\n\t\t\t\t\t<h2 class=\"elementor-heading-title elementor-size-default\">Una jornada \u00fanica para la reflexi\u00f3n<\/h2>\t\t\t\t<\/div>\n\t\t\t\t<\/div>\n\t\t\t\t<div class=\"elementor-element elementor-element-f500dcc elementor-widget elementor-widget-image\" data-id=\"f500dcc\" data-element_type=\"widget\" data-e-type=\"widget\" data-widget_type=\"image.default\">\n\t\t\t\t<div class=\"elementor-widget-container\">\n\t\t\t\t\t\t\t\t\t\t\t\t\t\t\t\t<a href=\"https:\/\/www.nus.agency\/landing\/1a-jornada-sobre-imagen-corporal-y-violencia-de-genero\">\n\t\t\t\t\t\t\t<img decoding=\"async\" width=\"819\" height=\"1024\" src=\"https:\/\/www.nus.agency\/wp-content\/uploads\/2024\/10\/1a-JORNADA-VIOLENCIA-DE-GENERO-819x1024.jpg\" class=\"attachment-large size-large wp-image-79546\" alt=\"1\u00aa JORNADA VIOLENCIA DE GE\u0301NERO\" srcset=\"https:\/\/www.nus.agency\/wp-content\/uploads\/2024\/10\/1a-JORNADA-VIOLENCIA-DE-GENERO-819x1024.jpg 819w, https:\/\/www.nus.agency\/wp-content\/uploads\/2024\/10\/1a-JORNADA-VIOLENCIA-DE-GENERO-240x300.jpg 240w, https:\/\/www.nus.agency\/wp-content\/uploads\/2024\/10\/1a-JORNADA-VIOLENCIA-DE-GENERO-768x960.jpg 768w, https:\/\/www.nus.agency\/wp-content\/uploads\/2024\/10\/1a-JORNADA-VIOLENCIA-DE-GENERO.jpg 1080w\" sizes=\"(max-width: 819px) 100vw, 819px\" \/>\t\t\t\t\t\t\t\t<\/a>\n\t\t\t\t\t\t\t\t\t\t\t\t\t\t\t<\/div>\n\t\t\t\t<\/div>\n\t\t\t\t<div class=\"elementor-element elementor-element-7e24473 elementor-widget elementor-widget-text-editor\" data-id=\"7e24473\" data-element_type=\"widget\" data-e-type=\"widget\" data-widget_type=\"text-editor.default\">\n\t\t\t\t<div class=\"elementor-widget-container\">\n\t\t\t\t\t\t\t\t\t<p>El pr\u00f3ximo<strong> 7 de noviembre<\/strong>, <strong>NUS Agency<\/strong> y la <a href=\"https:\/\/www.fundacioagi.org\/\"><strong>Fundaci\u00f3 AGI<\/strong><\/a> celebrar\u00e1n la <a href=\"https:\/\/www.nus.agency\/landing\/1a-jornada-sobre-imagen-corporal-y-violencia-de-genero\"><strong>I Jornada sobre Imagen Corporal y Violencia de G\u00e9nero<\/strong><\/a>. AGI es una fundacio\u0301n bene\u0301fico- asistencial que lleva a cabo un programa de atencio\u0301n y acogida a mujeres vi\u0301ctimas de violencia de ge\u0301nero. Esta recibe a ma\u0301s de 500 mujeres al an\u0303o en diferentes ubicaciones proporcionando un espacio de contencio\u0301n emocional, social y asesoramiento juri\u0301dico, asi\u0301 como de soporte, estabilidad y seguridad.<\/p><p>Si bien la <strong>violencia de ge\u0301nero<\/strong> ha sido abordada en mu\u0301ltiples ocasiones y desde diferentes perspectivas, en esta ocasio\u0301n queremos poner el foco en las <strong>consecuencias que tiene sobre la autoestima vinculada a la imagen corporal<\/strong>. Esta jornada esta\u0301 disen\u0303ada para <strong>concienciar, educar y fomentar la colaboracio\u0301n entre profesionales de la salud, educadores, entidades gubernamentales y organizaciones no gubernamentales<\/strong>.<\/p><p>El punto de partida es una coleccio\u0301n de fotografi\u0301as arti\u0301sticas realizada por <strong>Carmen Novis<\/strong> (Chiqui), <strong>Enfermera Gestora de la Imagen Corporal<\/strong>, alumna de NUS. Chiqui ha querido plasmar otra realidad que afecta a la <strong>Imagen Corporal<\/strong> y que debe ser visibilizada para remover a la sociedad y contribuir al cambio. Combinaremos la <strong>exposicio\u0301n arti\u0301stica<\/strong> con diferentes ponencias breves a cargo de diversas voces relacionadas con la tema\u0301tica central.<\/p><p>Este es un evento abierto al pu\u0301blico, con aforo limitado.<\/p>\t\t\t\t\t\t\t\t<\/div>\n\t\t\t\t<\/div>\n\t\t\t\t<div class=\"elementor-element elementor-element-4402e08 elementor-align-center elementor-widget elementor-widget-button\" data-id=\"4402e08\" data-element_type=\"widget\" data-e-type=\"widget\" data-widget_type=\"button.default\">\n\t\t\t\t<div class=\"elementor-widget-container\">\n\t\t\t\t\t\t\t\t\t<div class=\"elementor-button-wrapper\">\n\t\t\t\t\t<a class=\"elementor-button elementor-button-link elementor-size-sm\" href=\"https:\/\/www.nus.agency\/landing\/1a-jornada-sobre-imagen-corporal-y-violencia-de-genero\">\n\t\t\t\t\t\t<span class=\"elementor-button-content-wrapper\">\n\t\t\t\t\t\t\t\t\t<span class=\"elementor-button-text\">RESERVA TU ENTRADA AQU\u00cd<\/span>\n\t\t\t\t\t<\/span>\n\t\t\t\t\t<\/a>\n\t\t\t\t<\/div>\n\t\t\t\t\t\t\t\t<\/div>\n\t\t\t\t<\/div>\n\t\t\t\t\t<\/div>\n\t\t<\/div>\n\t\t\t\t\t<\/div>\n\t\t<\/section>\n\t\t\t\t<section class=\"elementor-section elementor-top-section elementor-element elementor-element-53d1ef0 elementor-section-boxed elementor-section-height-default elementor-section-height-default\" data-id=\"53d1ef0\" data-element_type=\"section\" data-e-type=\"section\">\n\t\t\t\t\t\t<div class=\"elementor-container elementor-column-gap-default\">\n\t\t\t\t\t<div class=\"elementor-column elementor-col-100 elementor-top-column elementor-element elementor-element-b7a8f3a\" data-id=\"b7a8f3a\" data-element_type=\"column\" data-e-type=\"column\">\n\t\t\t<div class=\"elementor-widget-wrap elementor-element-populated\">\n\t\t\t\t\t\t<div class=\"elementor-element elementor-element-23d0298 elementor-widget-divider--view-line_text elementor-widget-divider--element-align-center elementor-widget elementor-widget-divider\" data-id=\"23d0298\" data-element_type=\"widget\" data-e-type=\"widget\" data-widget_type=\"divider.default\">\n\t\t\t\t<div class=\"elementor-widget-container\">\n\t\t\t\t\t\t\t<div class=\"elementor-divider\">\n\t\t\t<span class=\"elementor-divider-separator\">\n\t\t\t\t\t\t\t<span class=\"elementor-divider__text elementor-divider__element\">\n\t\t\t\tCursos recomendados\t\t\t\t<\/span>\n\t\t\t\t\t\t<\/span>\n\t\t<\/div>\n\t\t\t\t\t\t<\/div>\n\t\t\t\t<\/div>\n\t\t\t\t<div class=\"elementor-element elementor-element-d609bc8 elementor-grid-3 elementor-grid-tablet-2 elementor-grid-mobile-1 elementor-posts--thumbnail-top elementor-widget elementor-widget-posts\" data-id=\"d609bc8\" data-element_type=\"widget\" data-e-type=\"widget\" data-settings=\"{&quot;classic_masonry&quot;:&quot;yes&quot;,&quot;classic_columns&quot;:&quot;3&quot;,&quot;classic_columns_tablet&quot;:&quot;2&quot;,&quot;classic_columns_mobile&quot;:&quot;1&quot;,&quot;classic_row_gap&quot;:{&quot;unit&quot;:&quot;px&quot;,&quot;size&quot;:35,&quot;sizes&quot;:[]},&quot;classic_row_gap_tablet&quot;:{&quot;unit&quot;:&quot;px&quot;,&quot;size&quot;:&quot;&quot;,&quot;sizes&quot;:[]},&quot;classic_row_gap_mobile&quot;:{&quot;unit&quot;:&quot;px&quot;,&quot;size&quot;:&quot;&quot;,&quot;sizes&quot;:[]}}\" data-widget_type=\"posts.classic\">\n\t\t\t\t<div class=\"elementor-widget-container\">\n\t\t\t\t\t\t\t<div class=\"elementor-posts-container elementor-posts elementor-posts--skin-classic elementor-grid\" role=\"list\">\n\t\t\t\t<article class=\"elementor-post elementor-grid-item post-91913 masters-y-postgrados type-masters-y-postgrados status-publish has-post-thumbnail hentry tag-mba tag-mba-en-salud tag-mba-sanitario\" role=\"listitem\">\n\t\t\t\t<a class=\"elementor-post__thumbnail__link\" href=\"https:\/\/www.nus.agency\/es\/masters-y-postgrados\/mba-direccion-gestion-empresas-salud\" tabindex=\"-1\" >\n\t\t\t<div class=\"elementor-post__thumbnail\"><img loading=\"lazy\" decoding=\"async\" width=\"300\" height=\"167\" src=\"https:\/\/www.nus.agency\/wp-content\/uploads\/2025\/12\/master_mba_nus_agency_blended.webp\" class=\"attachment-medium size-medium wp-image-91945\" alt=\"\" \/><\/div>\n\t\t<\/a>\n\t\t\t\t<div class=\"elementor-post__text\">\n\t\t\t\t<h3 class=\"elementor-post__title\">\n\t\t\t<a href=\"https:\/\/www.nus.agency\/es\/masters-y-postgrados\/mba-direccion-gestion-empresas-salud\" >\n\t\t\t\tMBA en Direcci\u00f3n y Gesti\u00f3n de Empresas de Salud\t\t\t<\/a>\n\t\t<\/h3>\n\t\t\n\t\t<a class=\"elementor-post__read-more\" href=\"https:\/\/www.nus.agency\/es\/masters-y-postgrados\/mba-direccion-gestion-empresas-salud\" aria-label=\"Compartir en email\" tabindex=\"-1\" >\n\t\t\tLeer m\u00e1s \u00bb\t\t<\/a>\n\n\t\t\t\t<\/div>\n\t\t\t\t<\/article>\n\t\t\t\t<article class=\"elementor-post elementor-grid-item post-91051 masters-y-postgrados type-masters-y-postgrados status-publish has-post-thumbnail hentry\" role=\"listitem\">\n\t\t\t\t<a class=\"elementor-post__thumbnail__link\" href=\"https:\/\/www.nus.agency\/es\/masters-y-postgrados\/enfermera-gestora-de-la-imagen-corporal\" tabindex=\"-1\" >\n\t\t\t<div class=\"elementor-post__thumbnail\"><img loading=\"lazy\" decoding=\"async\" width=\"290\" height=\"300\" src=\"https:\/\/www.nus.agency\/wp-content\/uploads\/2025\/09\/master_mic_nus_agency.webp\" class=\"attachment-medium size-medium wp-image-91056\" alt=\"\" \/><\/div>\n\t\t<\/a>\n\t\t\t\t<div class=\"elementor-post__text\">\n\t\t\t\t<h3 class=\"elementor-post__title\">\n\t\t\t<a href=\"https:\/\/www.nus.agency\/es\/masters-y-postgrados\/enfermera-gestora-de-la-imagen-corporal\" >\n\t\t\t\tM\u00e1ster en Imagen Corporal y Enfermer\u00eda Dermoest\u00e9tica | NUS Agency\t\t\t<\/a>\n\t\t<\/h3>\n\t\t\n\t\t<a class=\"elementor-post__read-more\" href=\"https:\/\/www.nus.agency\/es\/masters-y-postgrados\/enfermera-gestora-de-la-imagen-corporal\" aria-label=\"Compartir en email\" tabindex=\"-1\" >\n\t\t\tLeer m\u00e1s \u00bb\t\t<\/a>\n\n\t\t\t\t<\/div>\n\t\t\t\t<\/article>\n\t\t\t\t<article class=\"elementor-post elementor-grid-item post-68251 masters-y-postgrados type-masters-y-postgrados status-publish has-post-thumbnail hentry\" role=\"listitem\">\n\t\t\t\t<a class=\"elementor-post__thumbnail__link\" href=\"https:\/\/www.nus.agency\/es\/masters-y-postgrados\/master-fisioterapia-dermatofuncional\" tabindex=\"-1\" >\n\t\t\t<div class=\"elementor-post__thumbnail\"><img loading=\"lazy\" decoding=\"async\" width=\"300\" height=\"180\" src=\"https:\/\/www.nus.agency\/wp-content\/uploads\/2023\/09\/NUS-Agency-master-fisioesteitica-y-dermatofuncional-class-1-1-300x180.png\" class=\"attachment-medium size-medium wp-image-90872\" alt=\"M\u00e1ster en Fisioest\u00e9tica y Dermatofuncional\" srcset=\"https:\/\/www.nus.agency\/wp-content\/uploads\/2023\/09\/NUS-Agency-master-fisioesteitica-y-dermatofuncional-class-1-1-300x180.png 300w, https:\/\/www.nus.agency\/wp-content\/uploads\/2023\/09\/NUS-Agency-master-fisioesteitica-y-dermatofuncional-class-1-1.png 560w\" sizes=\"(max-width: 300px) 100vw, 300px\" \/><\/div>\n\t\t<\/a>\n\t\t\t\t<div class=\"elementor-post__text\">\n\t\t\t\t<h3 class=\"elementor-post__title\">\n\t\t\t<a href=\"https:\/\/www.nus.agency\/es\/masters-y-postgrados\/master-fisioterapia-dermatofuncional\" >\n\t\t\t\tM\u00e1ster en Fisioest\u00e9tica y Dermatofuncional\t\t\t<\/a>\n\t\t<\/h3>\n\t\t\n\t\t<a class=\"elementor-post__read-more\" href=\"https:\/\/www.nus.agency\/es\/masters-y-postgrados\/master-fisioterapia-dermatofuncional\" aria-label=\"Compartir en email\" tabindex=\"-1\" >\n\t\t\tLeer m\u00e1s \u00bb\t\t<\/a>\n\n\t\t\t\t<\/div>\n\t\t\t\t<\/article>\n\t\t\t\t<\/div>\n\t\t\n\t\t\t\t\t\t<\/div>\n\t\t\t\t<\/div>\n\t\t\t\t<div class=\"elementor-element elementor-element-5ec0475 elementor-widget-divider--view-line_text elementor-widget-divider--element-align-center elementor-widget elementor-widget-divider\" data-id=\"5ec0475\" data-element_type=\"widget\" data-e-type=\"widget\" data-widget_type=\"divider.default\">\n\t\t\t\t<div class=\"elementor-widget-container\">\n\t\t\t\t\t\t\t<div class=\"elementor-divider\">\n\t\t\t<span class=\"elementor-divider-separator\">\n\t\t\t\t\t\t\t<span class=\"elementor-divider__text elementor-divider__element\">\n\t\t\t\tSigue leyendo\t\t\t\t<\/span>\n\t\t\t\t\t\t<\/span>\n\t\t<\/div>\n\t\t\t\t\t\t<\/div>\n\t\t\t\t<\/div>\n\t\t\t\t<div class=\"elementor-element elementor-element-17c15b3 elementor-grid-3 elementor-grid-tablet-2 elementor-grid-mobile-1 elementor-posts--thumbnail-top elementor-widget elementor-widget-posts\" data-id=\"17c15b3\" data-element_type=\"widget\" data-e-type=\"widget\" data-settings=\"{&quot;classic_masonry&quot;:&quot;yes&quot;,&quot;classic_columns&quot;:&quot;3&quot;,&quot;classic_columns_tablet&quot;:&quot;2&quot;,&quot;classic_columns_mobile&quot;:&quot;1&quot;,&quot;classic_row_gap&quot;:{&quot;unit&quot;:&quot;px&quot;,&quot;size&quot;:35,&quot;sizes&quot;:[]},&quot;classic_row_gap_tablet&quot;:{&quot;unit&quot;:&quot;px&quot;,&quot;size&quot;:&quot;&quot;,&quot;sizes&quot;:[]},&quot;classic_row_gap_mobile&quot;:{&quot;unit&quot;:&quot;px&quot;,&quot;size&quot;:&quot;&quot;,&quot;sizes&quot;:[]}}\" data-widget_type=\"posts.classic\">\n\t\t\t\t<div class=\"elementor-widget-container\">\n\t\t\t\t\t\t\t<div class=\"elementor-posts-container elementor-posts elementor-posts--skin-classic elementor-grid\" role=\"list\">\n\t\t\t\t<article class=\"elementor-post elementor-grid-item post-96623 post type-post status-publish format-standard has-post-thumbnail hentry category-blog category-master-neuromusica\" role=\"listitem\">\n\t\t\t\t<a class=\"elementor-post__thumbnail__link\" href=\"https:\/\/www.nus.agency\/es\/blog\/neuromusica-y-cerebro-conclusiones-de-la-i-jornada-del-proyecto-nes-de-nus\" tabindex=\"-1\" >\n\t\t\t<div class=\"elementor-post__thumbnail\"><img loading=\"lazy\" decoding=\"async\" width=\"300\" height=\"180\" src=\"https:\/\/www.nus.agency\/wp-content\/uploads\/2026\/04\/imagen-destacada-I-Jornada-del-Proyecto-NES-300x180.jpg\" class=\"attachment-medium size-medium wp-image-96628\" alt=\"imagen-destacada-I-Jornada-del-Proyecto-NES\" srcset=\"https:\/\/www.nus.agency\/wp-content\/uploads\/2026\/04\/imagen-destacada-I-Jornada-del-Proyecto-NES-300x180.jpg 300w, https:\/\/www.nus.agency\/wp-content\/uploads\/2026\/04\/imagen-destacada-I-Jornada-del-Proyecto-NES-1024x613.jpg 1024w, https:\/\/www.nus.agency\/wp-content\/uploads\/2026\/04\/imagen-destacada-I-Jornada-del-Proyecto-NES-768x460.jpg 768w, https:\/\/www.nus.agency\/wp-content\/uploads\/2026\/04\/imagen-destacada-I-Jornada-del-Proyecto-NES.jpg 1252w\" sizes=\"(max-width: 300px) 100vw, 300px\" \/><\/div>\n\t\t<\/a>\n\t\t\t\t<div class=\"elementor-post__text\">\n\t\t\t\t<h3 class=\"elementor-post__title\">\n\t\t\t<a href=\"https:\/\/www.nus.agency\/es\/blog\/neuromusica-y-cerebro-conclusiones-de-la-i-jornada-del-proyecto-nes-de-nus\" >\n\t\t\t\tNeurom\u00fasica y cerebro: conclusiones de la I Jornada del Proyecto NES de NUS\t\t\t<\/a>\n\t\t<\/h3>\n\t\t\n\t\t<a class=\"elementor-post__read-more\" href=\"https:\/\/www.nus.agency\/es\/blog\/neuromusica-y-cerebro-conclusiones-de-la-i-jornada-del-proyecto-nes-de-nus\" aria-label=\"Compartir en email\" tabindex=\"-1\" >\n\t\t\tLeer m\u00e1s \u00bb\t\t<\/a>\n\n\t\t\t\t<\/div>\n\t\t\t\t<\/article>\n\t\t\t\t<article class=\"elementor-post elementor-grid-item post-96072 post type-post status-publish format-standard has-post-thumbnail hentry category-blog category-master-imagen-corporal category-master-neuromusica\" role=\"listitem\">\n\t\t\t\t<a class=\"elementor-post__thumbnail__link\" href=\"https:\/\/www.nus.agency\/es\/blog\/la-vocalia-de-enfermeria-del-trabajo-del-coib-y-nus-llevan-la-musica-al-cuidado-de-las-enfermeras\" tabindex=\"-1\" >\n\t\t\t<div class=\"elementor-post__thumbnail\"><img loading=\"lazy\" decoding=\"async\" width=\"300\" height=\"180\" src=\"https:\/\/www.nus.agency\/wp-content\/uploads\/2026\/03\/imagen-destacada-articulo-vocalia-infermeria-del-treball-COIB-neuromusica-NUS-300x180.jpg\" class=\"attachment-medium size-medium wp-image-96115\" alt=\"imagen-destacada-articulo-vocalia-infermeria-del-treball-COIB-neuromusica-NUS\" srcset=\"https:\/\/www.nus.agency\/wp-content\/uploads\/2026\/03\/imagen-destacada-articulo-vocalia-infermeria-del-treball-COIB-neuromusica-NUS-300x180.jpg 300w, https:\/\/www.nus.agency\/wp-content\/uploads\/2026\/03\/imagen-destacada-articulo-vocalia-infermeria-del-treball-COIB-neuromusica-NUS-1024x614.jpg 1024w, https:\/\/www.nus.agency\/wp-content\/uploads\/2026\/03\/imagen-destacada-articulo-vocalia-infermeria-del-treball-COIB-neuromusica-NUS-768x461.jpg 768w, https:\/\/www.nus.agency\/wp-content\/uploads\/2026\/03\/imagen-destacada-articulo-vocalia-infermeria-del-treball-COIB-neuromusica-NUS.jpg 1250w\" sizes=\"(max-width: 300px) 100vw, 300px\" \/><\/div>\n\t\t<\/a>\n\t\t\t\t<div class=\"elementor-post__text\">\n\t\t\t\t<h3 class=\"elementor-post__title\">\n\t\t\t<a href=\"https:\/\/www.nus.agency\/es\/blog\/la-vocalia-de-enfermeria-del-trabajo-del-coib-y-nus-llevan-la-musica-al-cuidado-de-las-enfermeras\" >\n\t\t\t\tLa Vocal\u00eda de Enfermer\u00eda del Trabajo del COIB y NUS\u00a0llevan la m\u00fasica al cuidado de las enfermeras\t\t\t<\/a>\n\t\t<\/h3>\n\t\t\n\t\t<a class=\"elementor-post__read-more\" href=\"https:\/\/www.nus.agency\/es\/blog\/la-vocalia-de-enfermeria-del-trabajo-del-coib-y-nus-llevan-la-musica-al-cuidado-de-las-enfermeras\" aria-label=\"Compartir en email\" tabindex=\"-1\" >\n\t\t\tLeer m\u00e1s \u00bb\t\t<\/a>\n\n\t\t\t\t<\/div>\n\t\t\t\t<\/article>\n\t\t\t\t<article class=\"elementor-post elementor-grid-item post-78781 post type-post status-publish format-standard has-post-thumbnail hentry category-blog category-master-neuromusica tag-mozart tag-neurociencia tag-neuromusica\" role=\"listitem\">\n\t\t\t\t<a class=\"elementor-post__thumbnail__link\" href=\"https:\/\/www.nus.agency\/es\/blog\/efecto-mozart-mito-o-realidad\" tabindex=\"-1\" >\n\t\t\t<div class=\"elementor-post__thumbnail\"><img loading=\"lazy\" decoding=\"async\" width=\"300\" height=\"180\" src=\"https:\/\/www.nus.agency\/wp-content\/uploads\/2024\/09\/1-2-300x180.jpg\" class=\"attachment-medium size-medium wp-image-78782\" alt=\"efecto-mozart\" srcset=\"https:\/\/www.nus.agency\/wp-content\/uploads\/2024\/09\/1-2-300x180.jpg 300w, https:\/\/www.nus.agency\/wp-content\/uploads\/2024\/09\/1-2-1024x614.jpg 1024w, https:\/\/www.nus.agency\/wp-content\/uploads\/2024\/09\/1-2-768x461.jpg 768w, https:\/\/www.nus.agency\/wp-content\/uploads\/2024\/09\/1-2.jpg 1250w\" sizes=\"(max-width: 300px) 100vw, 300px\" \/><\/div>\n\t\t<\/a>\n\t\t\t\t<div class=\"elementor-post__text\">\n\t\t\t\t<h3 class=\"elementor-post__title\">\n\t\t\t<a href=\"https:\/\/www.nus.agency\/es\/blog\/efecto-mozart-mito-o-realidad\" >\n\t\t\t\tEfecto Mozart, \u00bfmito o realidad?\t\t\t<\/a>\n\t\t<\/h3>\n\t\t\n\t\t<a class=\"elementor-post__read-more\" href=\"https:\/\/www.nus.agency\/es\/blog\/efecto-mozart-mito-o-realidad\" aria-label=\"Compartir en email\" tabindex=\"-1\" >\n\t\t\tLeer m\u00e1s \u00bb\t\t<\/a>\n\n\t\t\t\t<\/div>\n\t\t\t\t<\/article>\n\t\t\t\t<\/div>\n\t\t\n\t\t\t\t\t\t<\/div>\n\t\t\t\t<\/div>\n\t\t\t\t\t<\/div>\n\t\t<\/div>\n\t\t\t\t\t<\/div>\n\t\t<\/section>\n\t\t\t\t<\/div>\n\t\t","protected":false},"excerpt":{"rendered":"<p>La violencia de g\u00e9nero puede dejar en sus v\u00edctimas huellas f\u00edsicas y psicol\u00f3gicas muy variadas y dif\u00edciles de borrar. Y es que la violencia que<\/p>\n","protected":false},"author":1,"featured_media":78952,"comment_status":"closed","ping_status":"closed","sticky":false,"template":"","format":"standard","meta":{"_joinchat":[],"footnotes":""},"categories":[913],"tags":[],"class_list":["post-78951","post","type-post","status-publish","format-standard","has-post-thumbnail","hentry","category-blog"],"yoast_head":"<!-- This site is optimized with the Yoast SEO Premium plugin v25.9 (Yoast SEO v27.5) - https:\/\/yoast.com\/product\/yoast-seo-premium-wordpress\/ -->\n<title>Imagen Corporal y violencia de g\u00e9nero | NUS AGENCY<\/title>\n<meta name=\"description\" content=\"Las mujeres que sufren situaciones de violencia, sea f\u00edsica o psicol\u00f3gica, inevitablemente asumen una distorsi\u00f3n de su autoconcepto.\" \/>\n<meta name=\"robots\" content=\"index, follow, max-snippet:-1, max-image-preview:large, max-video-preview:-1\" \/>\n<link rel=\"canonical\" href=\"https:\/\/www.nus.agency\/es\/blog\/imagen-corporal-y-violencia-de-genero\" \/>\n<meta property=\"og:locale\" content=\"es_ES\" \/>\n<meta property=\"og:type\" content=\"article\" \/>\n<meta property=\"og:title\" content=\"Imagen Corporal y violencia de g\u00e9nero\" \/>\n<meta property=\"og:description\" content=\"blog : Imagen Corporal y violencia de g\u00e9nero\" \/>\n<meta property=\"og:url\" content=\"https:\/\/www.nus.agency\/es\/blog\/imagen-corporal-y-violencia-de-genero\" \/>\n<meta property=\"og:site_name\" content=\"NUS Agency\" \/>\n<meta property=\"article:publisher\" content=\"https:\/\/www.facebook.com\/Nus.Agency\" \/>\n<meta property=\"article:published_time\" content=\"2024-10-01T10:11:41+00:00\" \/>\n<meta property=\"article:modified_time\" content=\"2025-02-01T17:05:52+00:00\" \/>\n<meta property=\"og:image\" content=\"https:\/\/www.nus.agency\/wp-content\/uploads\/2024\/09\/1-5.jpg\" \/>\n\t<meta property=\"og:image:width\" content=\"1250\" \/>\n\t<meta property=\"og:image:height\" content=\"750\" \/>\n\t<meta property=\"og:image:type\" content=\"image\/jpeg\" \/>\n<meta name=\"author\" content=\"adminnus\" \/>\n<meta name=\"twitter:card\" content=\"summary_large_image\" \/>\n<meta name=\"twitter:creator\" content=\"@NusUnidad\" \/>\n<meta name=\"twitter:site\" content=\"@NusUnidad\" \/>\n<meta name=\"twitter:label1\" content=\"Escrito por\" \/>\n\t<meta name=\"twitter:data1\" content=\"adminnus\" \/>\n\t<meta name=\"twitter:label2\" content=\"Tiempo de lectura\" \/>\n\t<meta name=\"twitter:data2\" content=\"6 minutos\" \/>\n<script type=\"application\/ld+json\" class=\"yoast-schema-graph\">{\"@context\":\"https:\\\/\\\/schema.org\",\"@graph\":[{\"@type\":[\"Article\",\"BlogPosting\"],\"@id\":\"https:\\\/\\\/www.nus.agency\\\/es\\\/blog\\\/imagen-corporal-y-violencia-de-genero#article\",\"isPartOf\":{\"@id\":\"https:\\\/\\\/www.nus.agency\\\/es\\\/blog\\\/imagen-corporal-y-violencia-de-genero\"},\"author\":{\"name\":\"adminnus\",\"@id\":\"https:\\\/\\\/www.nus.agency\\\/es\\\/#\\\/schema\\\/person\\\/afd025d2eda20a4518a50726f7e13277\"},\"headline\":\"Imagen Corporal y violencia de g\u00e9nero\",\"datePublished\":\"2024-10-01T10:11:41+00:00\",\"dateModified\":\"2025-02-01T17:05:52+00:00\",\"mainEntityOfPage\":{\"@id\":\"https:\\\/\\\/www.nus.agency\\\/es\\\/blog\\\/imagen-corporal-y-violencia-de-genero\"},\"wordCount\":1127,\"publisher\":{\"@id\":\"https:\\\/\\\/www.nus.agency\\\/es\\\/#organization\"},\"image\":{\"@id\":\"https:\\\/\\\/www.nus.agency\\\/es\\\/blog\\\/imagen-corporal-y-violencia-de-genero#primaryimage\"},\"thumbnailUrl\":\"https:\\\/\\\/www.nus.agency\\\/wp-content\\\/uploads\\\/2024\\\/09\\\/1-5.jpg\",\"articleSection\":[\"blog\"],\"inLanguage\":\"es\"},{\"@type\":[\"WebPage\",\"ItemPage\"],\"@id\":\"https:\\\/\\\/www.nus.agency\\\/es\\\/blog\\\/imagen-corporal-y-violencia-de-genero\",\"url\":\"https:\\\/\\\/www.nus.agency\\\/es\\\/blog\\\/imagen-corporal-y-violencia-de-genero\",\"name\":\"Imagen Corporal y violencia de g\u00e9nero | NUS AGENCY\",\"isPartOf\":{\"@id\":\"https:\\\/\\\/www.nus.agency\\\/es\\\/#website\"},\"primaryImageOfPage\":{\"@id\":\"https:\\\/\\\/www.nus.agency\\\/es\\\/blog\\\/imagen-corporal-y-violencia-de-genero#primaryimage\"},\"image\":{\"@id\":\"https:\\\/\\\/www.nus.agency\\\/es\\\/blog\\\/imagen-corporal-y-violencia-de-genero#primaryimage\"},\"thumbnailUrl\":\"https:\\\/\\\/www.nus.agency\\\/wp-content\\\/uploads\\\/2024\\\/09\\\/1-5.jpg\",\"datePublished\":\"2024-10-01T10:11:41+00:00\",\"dateModified\":\"2025-02-01T17:05:52+00:00\",\"description\":\"Las mujeres que sufren situaciones de violencia, sea f\u00edsica o psicol\u00f3gica, inevitablemente asumen una distorsi\u00f3n de su autoconcepto.\",\"breadcrumb\":{\"@id\":\"https:\\\/\\\/www.nus.agency\\\/es\\\/blog\\\/imagen-corporal-y-violencia-de-genero#breadcrumb\"},\"inLanguage\":\"es\",\"potentialAction\":[{\"@type\":\"ReadAction\",\"target\":[\"https:\\\/\\\/www.nus.agency\\\/es\\\/blog\\\/imagen-corporal-y-violencia-de-genero\"]}]},{\"@type\":\"ImageObject\",\"inLanguage\":\"es\",\"@id\":\"https:\\\/\\\/www.nus.agency\\\/es\\\/blog\\\/imagen-corporal-y-violencia-de-genero#primaryimage\",\"url\":\"https:\\\/\\\/www.nus.agency\\\/wp-content\\\/uploads\\\/2024\\\/09\\\/1-5.jpg\",\"contentUrl\":\"https:\\\/\\\/www.nus.agency\\\/wp-content\\\/uploads\\\/2024\\\/09\\\/1-5.jpg\",\"width\":1250,\"height\":750,\"caption\":\"imagen-corporal-violencia-de-genero\"},{\"@type\":\"BreadcrumbList\",\"@id\":\"https:\\\/\\\/www.nus.agency\\\/es\\\/blog\\\/imagen-corporal-y-violencia-de-genero#breadcrumb\",\"itemListElement\":[{\"@type\":\"ListItem\",\"position\":1,\"name\":\"Inicio\",\"item\":\"https:\\\/\\\/www.nus.agency\\\/es\"},{\"@type\":\"ListItem\",\"position\":2,\"name\":\"blog\",\"item\":\"https:\\\/\\\/www.nus.agency\\\/es\\\/category\\\/blog\"},{\"@type\":\"ListItem\",\"position\":3,\"name\":\"Imagen Corporal y violencia de g\u00e9nero\"}]},{\"@type\":\"WebSite\",\"@id\":\"https:\\\/\\\/www.nus.agency\\\/es\\\/#website\",\"url\":\"https:\\\/\\\/www.nus.agency\\\/es\\\/\",\"name\":\"NUS Agency\",\"description\":\"Formaci\u00f3n especializada en el sector salud y bienestar. M\u00e1ster en Enfermer\u00eda Dermoest\u00e9tica, Fisioest\u00e9tica, Neurom\u00fasica, Terapia Breve.\",\"publisher\":{\"@id\":\"https:\\\/\\\/www.nus.agency\\\/es\\\/#organization\"},\"alternateName\":\"nus.agency\",\"potentialAction\":[{\"@type\":\"SearchAction\",\"target\":{\"@type\":\"EntryPoint\",\"urlTemplate\":\"https:\\\/\\\/www.nus.agency\\\/es\\\/?s={search_term_string}\"},\"query-input\":{\"@type\":\"PropertyValueSpecification\",\"valueRequired\":true,\"valueName\":\"search_term_string\"}}],\"inLanguage\":\"es\"},{\"@type\":\"Organization\",\"@id\":\"https:\\\/\\\/www.nus.agency\\\/es\\\/#organization\",\"name\":\"Nus Agency\",\"alternateName\":\"nus.agency\",\"url\":\"https:\\\/\\\/www.nus.agency\\\/es\\\/\",\"logo\":{\"@type\":\"ImageObject\",\"inLanguage\":\"es\",\"@id\":\"https:\\\/\\\/www.nus.agency\\\/es\\\/#\\\/schema\\\/logo\\\/image\\\/\",\"url\":\"https:\\\/\\\/www.nus.agency\\\/wp-content\\\/uploads\\\/2023\\\/09\\\/LOGO-NUS.png\",\"contentUrl\":\"https:\\\/\\\/www.nus.agency\\\/wp-content\\\/uploads\\\/2023\\\/09\\\/LOGO-NUS.png\",\"width\":500,\"height\":500,\"caption\":\"Nus Agency\"},\"image\":{\"@id\":\"https:\\\/\\\/www.nus.agency\\\/es\\\/#\\\/schema\\\/logo\\\/image\\\/\"},\"sameAs\":[\"https:\\\/\\\/www.facebook.com\\\/Nus.Agency\",\"https:\\\/\\\/x.com\\\/NusUnidad\",\"https:\\\/\\\/www.instagram.com\\\/nus.agency\\\/\",\"https:\\\/\\\/www.linkedin.com\\\/school\\\/nus-agency\\\/\",\"https:\\\/\\\/www.youtube.com\\\/channel\\\/UCcseK4CACJLLFX6J19Om5qQ\"]},{\"@type\":\"Person\",\"@id\":\"https:\\\/\\\/www.nus.agency\\\/es\\\/#\\\/schema\\\/person\\\/afd025d2eda20a4518a50726f7e13277\",\"name\":\"adminnus\",\"image\":{\"@type\":\"ImageObject\",\"inLanguage\":\"es\",\"@id\":\"https:\\\/\\\/secure.gravatar.com\\\/avatar\\\/1e3e3059e4c9d0b4911774c1f38cdd13d83fba8c376dd212040b1d141a1526a3?s=96&d=mm&r=g\",\"url\":\"https:\\\/\\\/secure.gravatar.com\\\/avatar\\\/1e3e3059e4c9d0b4911774c1f38cdd13d83fba8c376dd212040b1d141a1526a3?s=96&d=mm&r=g\",\"contentUrl\":\"https:\\\/\\\/secure.gravatar.com\\\/avatar\\\/1e3e3059e4c9d0b4911774c1f38cdd13d83fba8c376dd212040b1d141a1526a3?s=96&d=mm&r=g\",\"caption\":\"adminnus\"},\"url\":\"https:\\\/\\\/www.nus.agency\\\/es\\\/author\\\/adminnus\"}]}<\/script>\n<!-- \/ Yoast SEO Premium plugin. -->","yoast_head_json":{"title":"Imagen Corporal y violencia de g\u00e9nero | NUS AGENCY","description":"Las mujeres que sufren situaciones de violencia, sea f\u00edsica o psicol\u00f3gica, inevitablemente asumen una distorsi\u00f3n de su autoconcepto.","robots":{"index":"index","follow":"follow","max-snippet":"max-snippet:-1","max-image-preview":"max-image-preview:large","max-video-preview":"max-video-preview:-1"},"canonical":"https:\/\/www.nus.agency\/es\/blog\/imagen-corporal-y-violencia-de-genero","og_locale":"es_ES","og_type":"article","og_title":"Imagen Corporal y violencia de g\u00e9nero","og_description":"blog : Imagen Corporal y violencia de g\u00e9nero","og_url":"https:\/\/www.nus.agency\/es\/blog\/imagen-corporal-y-violencia-de-genero","og_site_name":"NUS Agency","article_publisher":"https:\/\/www.facebook.com\/Nus.Agency","article_published_time":"2024-10-01T10:11:41+00:00","article_modified_time":"2025-02-01T17:05:52+00:00","og_image":[{"width":1250,"height":750,"url":"https:\/\/www.nus.agency\/wp-content\/uploads\/2024\/09\/1-5.jpg","type":"image\/jpeg"}],"author":"adminnus","twitter_card":"summary_large_image","twitter_creator":"@NusUnidad","twitter_site":"@NusUnidad","twitter_misc":{"Escrito por":"adminnus","Tiempo de lectura":"6 minutos"},"schema":{"@context":"https:\/\/schema.org","@graph":[{"@type":["Article","BlogPosting"],"@id":"https:\/\/www.nus.agency\/es\/blog\/imagen-corporal-y-violencia-de-genero#article","isPartOf":{"@id":"https:\/\/www.nus.agency\/es\/blog\/imagen-corporal-y-violencia-de-genero"},"author":{"name":"adminnus","@id":"https:\/\/www.nus.agency\/es\/#\/schema\/person\/afd025d2eda20a4518a50726f7e13277"},"headline":"Imagen Corporal y violencia de g\u00e9nero","datePublished":"2024-10-01T10:11:41+00:00","dateModified":"2025-02-01T17:05:52+00:00","mainEntityOfPage":{"@id":"https:\/\/www.nus.agency\/es\/blog\/imagen-corporal-y-violencia-de-genero"},"wordCount":1127,"publisher":{"@id":"https:\/\/www.nus.agency\/es\/#organization"},"image":{"@id":"https:\/\/www.nus.agency\/es\/blog\/imagen-corporal-y-violencia-de-genero#primaryimage"},"thumbnailUrl":"https:\/\/www.nus.agency\/wp-content\/uploads\/2024\/09\/1-5.jpg","articleSection":["blog"],"inLanguage":"es"},{"@type":["WebPage","ItemPage"],"@id":"https:\/\/www.nus.agency\/es\/blog\/imagen-corporal-y-violencia-de-genero","url":"https:\/\/www.nus.agency\/es\/blog\/imagen-corporal-y-violencia-de-genero","name":"Imagen Corporal y violencia de g\u00e9nero | NUS AGENCY","isPartOf":{"@id":"https:\/\/www.nus.agency\/es\/#website"},"primaryImageOfPage":{"@id":"https:\/\/www.nus.agency\/es\/blog\/imagen-corporal-y-violencia-de-genero#primaryimage"},"image":{"@id":"https:\/\/www.nus.agency\/es\/blog\/imagen-corporal-y-violencia-de-genero#primaryimage"},"thumbnailUrl":"https:\/\/www.nus.agency\/wp-content\/uploads\/2024\/09\/1-5.jpg","datePublished":"2024-10-01T10:11:41+00:00","dateModified":"2025-02-01T17:05:52+00:00","description":"Las mujeres que sufren situaciones de violencia, sea f\u00edsica o psicol\u00f3gica, inevitablemente asumen una distorsi\u00f3n de su autoconcepto.","breadcrumb":{"@id":"https:\/\/www.nus.agency\/es\/blog\/imagen-corporal-y-violencia-de-genero#breadcrumb"},"inLanguage":"es","potentialAction":[{"@type":"ReadAction","target":["https:\/\/www.nus.agency\/es\/blog\/imagen-corporal-y-violencia-de-genero"]}]},{"@type":"ImageObject","inLanguage":"es","@id":"https:\/\/www.nus.agency\/es\/blog\/imagen-corporal-y-violencia-de-genero#primaryimage","url":"https:\/\/www.nus.agency\/wp-content\/uploads\/2024\/09\/1-5.jpg","contentUrl":"https:\/\/www.nus.agency\/wp-content\/uploads\/2024\/09\/1-5.jpg","width":1250,"height":750,"caption":"imagen-corporal-violencia-de-genero"},{"@type":"BreadcrumbList","@id":"https:\/\/www.nus.agency\/es\/blog\/imagen-corporal-y-violencia-de-genero#breadcrumb","itemListElement":[{"@type":"ListItem","position":1,"name":"Inicio","item":"https:\/\/www.nus.agency\/es"},{"@type":"ListItem","position":2,"name":"blog","item":"https:\/\/www.nus.agency\/es\/category\/blog"},{"@type":"ListItem","position":3,"name":"Imagen Corporal y violencia de g\u00e9nero"}]},{"@type":"WebSite","@id":"https:\/\/www.nus.agency\/es\/#website","url":"https:\/\/www.nus.agency\/es\/","name":"NUS Agency","description":"Formaci\u00f3n especializada en el sector salud y bienestar. M\u00e1ster en Enfermer\u00eda Dermoest\u00e9tica, Fisioest\u00e9tica, Neurom\u00fasica, Terapia Breve.","publisher":{"@id":"https:\/\/www.nus.agency\/es\/#organization"},"alternateName":"nus.agency","potentialAction":[{"@type":"SearchAction","target":{"@type":"EntryPoint","urlTemplate":"https:\/\/www.nus.agency\/es\/?s={search_term_string}"},"query-input":{"@type":"PropertyValueSpecification","valueRequired":true,"valueName":"search_term_string"}}],"inLanguage":"es"},{"@type":"Organization","@id":"https:\/\/www.nus.agency\/es\/#organization","name":"Nus Agency","alternateName":"nus.agency","url":"https:\/\/www.nus.agency\/es\/","logo":{"@type":"ImageObject","inLanguage":"es","@id":"https:\/\/www.nus.agency\/es\/#\/schema\/logo\/image\/","url":"https:\/\/www.nus.agency\/wp-content\/uploads\/2023\/09\/LOGO-NUS.png","contentUrl":"https:\/\/www.nus.agency\/wp-content\/uploads\/2023\/09\/LOGO-NUS.png","width":500,"height":500,"caption":"Nus Agency"},"image":{"@id":"https:\/\/www.nus.agency\/es\/#\/schema\/logo\/image\/"},"sameAs":["https:\/\/www.facebook.com\/Nus.Agency","https:\/\/x.com\/NusUnidad","https:\/\/www.instagram.com\/nus.agency\/","https:\/\/www.linkedin.com\/school\/nus-agency\/","https:\/\/www.youtube.com\/channel\/UCcseK4CACJLLFX6J19Om5qQ"]},{"@type":"Person","@id":"https:\/\/www.nus.agency\/es\/#\/schema\/person\/afd025d2eda20a4518a50726f7e13277","name":"adminnus","image":{"@type":"ImageObject","inLanguage":"es","@id":"https:\/\/secure.gravatar.com\/avatar\/1e3e3059e4c9d0b4911774c1f38cdd13d83fba8c376dd212040b1d141a1526a3?s=96&d=mm&r=g","url":"https:\/\/secure.gravatar.com\/avatar\/1e3e3059e4c9d0b4911774c1f38cdd13d83fba8c376dd212040b1d141a1526a3?s=96&d=mm&r=g","contentUrl":"https:\/\/secure.gravatar.com\/avatar\/1e3e3059e4c9d0b4911774c1f38cdd13d83fba8c376dd212040b1d141a1526a3?s=96&d=mm&r=g","caption":"adminnus"},"url":"https:\/\/www.nus.agency\/es\/author\/adminnus"}]}},"_links":{"self":[{"href":"https:\/\/www.nus.agency\/es\/wp-json\/wp\/v2\/posts\/78951","targetHints":{"allow":["GET"]}}],"collection":[{"href":"https:\/\/www.nus.agency\/es\/wp-json\/wp\/v2\/posts"}],"about":[{"href":"https:\/\/www.nus.agency\/es\/wp-json\/wp\/v2\/types\/post"}],"author":[{"embeddable":true,"href":"https:\/\/www.nus.agency\/es\/wp-json\/wp\/v2\/users\/1"}],"replies":[{"embeddable":true,"href":"https:\/\/www.nus.agency\/es\/wp-json\/wp\/v2\/comments?post=78951"}],"version-history":[{"count":33,"href":"https:\/\/www.nus.agency\/es\/wp-json\/wp\/v2\/posts\/78951\/revisions"}],"predecessor-version":[{"id":91105,"href":"https:\/\/www.nus.agency\/es\/wp-json\/wp\/v2\/posts\/78951\/revisions\/91105"}],"wp:featuredmedia":[{"embeddable":true,"href":"https:\/\/www.nus.agency\/es\/wp-json\/wp\/v2\/media\/78952"}],"wp:attachment":[{"href":"https:\/\/www.nus.agency\/es\/wp-json\/wp\/v2\/media?parent=78951"}],"wp:term":[{"taxonomy":"category","embeddable":true,"href":"https:\/\/www.nus.agency\/es\/wp-json\/wp\/v2\/categories?post=78951"},{"taxonomy":"post_tag","embeddable":true,"href":"https:\/\/www.nus.agency\/es\/wp-json\/wp\/v2\/tags?post=78951"}],"curies":[{"name":"wp","href":"https:\/\/api.w.org\/{rel}","templated":true}]}}