{"id":96623,"date":"2026-04-29T17:36:12","date_gmt":"2026-04-29T15:36:12","guid":{"rendered":"https:\/\/www.nus.agency\/?p=96623"},"modified":"2026-04-29T17:36:15","modified_gmt":"2026-04-29T15:36:15","slug":"neuromusica-y-cerebro-conclusiones-de-la-i-jornada-del-proyecto-nes-de-nus","status":"publish","type":"post","link":"https:\/\/www.nus.agency\/es\/blog\/neuromusica-y-cerebro-conclusiones-de-la-i-jornada-del-proyecto-nes-de-nus","title":{"rendered":"Neurom\u00fasica y cerebro: conclusiones de la I Jornada del Proyecto NES de NUS"},"content":{"rendered":"\t\t<div data-elementor-type=\"wp-post\" data-elementor-id=\"96623\" class=\"elementor elementor-96623\" data-elementor-post-type=\"post\">\n\t\t\t\t\t\t<section class=\"elementor-section elementor-top-section elementor-element elementor-element-b8f63ad section-page-top elementor-section-boxed elementor-section-height-default elementor-section-height-default\" data-id=\"b8f63ad\" data-element_type=\"section\" data-e-type=\"section\">\n\t\t\t\t\t\t<div class=\"elementor-container elementor-column-gap-default\">\n\t\t\t\t\t<div class=\"elementor-column elementor-col-100 elementor-top-column elementor-element elementor-element-b75f8ca\" data-id=\"b75f8ca\" data-element_type=\"column\" data-e-type=\"column\">\n\t\t\t<div class=\"elementor-widget-wrap elementor-element-populated\">\n\t\t\t\t\t\t<div class=\"elementor-element elementor-element-60a3ea5 elementor-widget elementor-widget-heading\" data-id=\"60a3ea5\" data-element_type=\"widget\" data-e-type=\"widget\" data-widget_type=\"heading.default\">\n\t\t\t\t<div class=\"elementor-widget-container\">\n\t\t\t\t\t<h2 class=\"elementor-heading-title elementor-size-default\">Neurom\u00fasica y cerebro: conclusiones de la I Jornada del Proyecto NES de NUS<\/h2>\t\t\t\t<\/div>\n\t\t\t\t<\/div>\n\t\t\t\t<div class=\"elementor-element elementor-element-f94d4f4 elementor-widget elementor-widget-image\" data-id=\"f94d4f4\" data-element_type=\"widget\" data-e-type=\"widget\" data-widget_type=\"image.default\">\n\t\t\t\t<div class=\"elementor-widget-container\">\n\t\t\t\t\t\t\t\t\t\t\t\t\t\t\t<img fetchpriority=\"high\" decoding=\"async\" width=\"1024\" height=\"613\" src=\"https:\/\/www.nus.agency\/wp-content\/uploads\/2026\/04\/imagen-destacada-I-Jornada-del-Proyecto-NES-1024x613.jpg\" class=\"attachment-large size-large wp-image-96628\" alt=\"imagen-destacada-I-Jornada-del-Proyecto-NES\" srcset=\"https:\/\/www.nus.agency\/wp-content\/uploads\/2026\/04\/imagen-destacada-I-Jornada-del-Proyecto-NES-1024x613.jpg 1024w, https:\/\/www.nus.agency\/wp-content\/uploads\/2026\/04\/imagen-destacada-I-Jornada-del-Proyecto-NES-300x180.jpg 300w, https:\/\/www.nus.agency\/wp-content\/uploads\/2026\/04\/imagen-destacada-I-Jornada-del-Proyecto-NES-768x460.jpg 768w, https:\/\/www.nus.agency\/wp-content\/uploads\/2026\/04\/imagen-destacada-I-Jornada-del-Proyecto-NES.jpg 1252w\" sizes=\"(max-width: 1024px) 100vw, 1024px\" \/>\t\t\t\t\t\t\t\t\t\t\t\t\t\t\t<\/div>\n\t\t\t\t<\/div>\n\t\t\t\t<div class=\"elementor-element elementor-element-70fafcc elementor-share-buttons--view-icon elementor-share-buttons--skin-flat elementor-share-buttons--color-custom elementor-share-buttons--shape-square elementor-grid-0 elementor-widget elementor-widget-share-buttons\" data-id=\"70fafcc\" data-element_type=\"widget\" data-e-type=\"widget\" data-widget_type=\"share-buttons.default\">\n\t\t\t\t<div class=\"elementor-widget-container\">\n\t\t\t\t\t\t\t<div class=\"elementor-grid\" role=\"list\">\n\t\t\t\t\t\t\t\t<div class=\"elementor-grid-item\" role=\"listitem\">\n\t\t\t\t\t\t<div class=\"elementor-share-btn elementor-share-btn_facebook\" role=\"button\" tabindex=\"0\" aria-label=\"Compartir en facebook\">\n\t\t\t\t\t\t\t\t\t\t\t\t\t\t\t<span class=\"elementor-share-btn__icon\">\n\t\t\t\t\t\t\t\t<i class=\"fab fa-facebook\" aria-hidden=\"true\"><\/i>\t\t\t\t\t\t\t<\/span>\n\t\t\t\t\t\t\t\t\t\t\t\t\t\t\t\t\t\t\t\t<\/div>\n\t\t\t\t\t<\/div>\n\t\t\t\t\t\t\t\t\t<div class=\"elementor-grid-item\" role=\"listitem\">\n\t\t\t\t\t\t<div class=\"elementor-share-btn elementor-share-btn_linkedin\" role=\"button\" tabindex=\"0\" aria-label=\"Compartir en facebook\">\n\t\t\t\t\t\t\t\t\t\t\t\t\t\t\t<span class=\"elementor-share-btn__icon\">\n\t\t\t\t\t\t\t\t<i class=\"fab fa-linkedin\" aria-hidden=\"true\"><\/i>\t\t\t\t\t\t\t<\/span>\n\t\t\t\t\t\t\t\t\t\t\t\t\t\t\t\t\t\t\t\t<\/div>\n\t\t\t\t\t<\/div>\n\t\t\t\t\t\t<\/div>\n\t\t\t\t\t\t<\/div>\n\t\t\t\t<\/div>\n\t\t\t\t\t<\/div>\n\t\t<\/div>\n\t\t\t\t\t<\/div>\n\t\t<\/section>\n\t\t\t\t<section class=\"elementor-section elementor-top-section elementor-element elementor-element-7759136 elementor-section-boxed elementor-section-height-default elementor-section-height-default\" data-id=\"7759136\" data-element_type=\"section\" data-e-type=\"section\">\n\t\t\t\t\t\t<div class=\"elementor-container elementor-column-gap-default\">\n\t\t\t\t\t<div class=\"elementor-column elementor-col-100 elementor-top-column elementor-element elementor-element-b7962e5\" data-id=\"b7962e5\" data-element_type=\"column\" data-e-type=\"column\">\n\t\t\t<div class=\"elementor-widget-wrap elementor-element-populated\">\n\t\t\t\t\t\t<div class=\"elementor-element elementor-element-67e74e1 elementor-widget elementor-widget-text-editor\" data-id=\"67e74e1\" data-element_type=\"widget\" data-e-type=\"widget\" data-widget_type=\"text-editor.default\">\n\t\t\t\t<div class=\"elementor-widget-container\">\n\t\t\t\t\t\t\t\t\t<p class=\"p1\">La <a href=\"https:\/\/www.nus.agency\/es\/landing\/proyecto-nes-40-hz-neuromusica-neurociencia-y-salud-en-sgae\" target=\"_blank\" rel=\"noopener\"><strong>I Jornada del Proyecto NES: Neurom\u00fasica, Educaci\u00f3n y<\/strong> <strong>Salud<\/strong><\/a> de NUS, celebrada en la <a href=\"https:\/\/www.sgae.es\/\" target=\"_blank\" rel=\"noopener\">SGAE<\/a> en Barcelona el pasado 10 de marzo ha marcado un <strong>punto de inflexi\u00f3n en la forma de entender la m\u00fasica dentro del \u00e1mbito sanitario y educativo<\/strong>.<\/p><p class=\"p1\">Lejos de concebirse \u00fanicamente como arte o entretenimiento, la m\u00fasica se posiciona en este encuentro como una <strong>herramienta basada en neurociencia, capaz de modular el cerebro, influir en procesos cognitivos y abrir nuevas v\u00edas de intervenci\u00f3n en salud<\/strong>.<\/p><p class=\"p1\"><strong>El Proyecto NES, liderado por<\/strong> el m\u00fasico, pianista, docente y codirector del <a href=\"https:\/\/www.nus.agency\/es\/masters-y-postgrados\/master-online-en-neuromusica\" target=\"_blank\" rel=\"noopener\">M\u00e1ster en Neurom\u00fasica<\/a> de NUS, <strong><a href=\"https:\/\/www.nus.agency\/es\/docentes\/rafael-vargas\" target=\"_blank\" rel=\"noopener\">Rafael Vargas de Prado<\/a><\/strong>, propone precisamente eso: convertir la neurom\u00fasica en una disciplina aplicada, medible y cient\u00edficamente validada.<\/p>\t\t\t\t\t\t\t\t<\/div>\n\t\t\t\t<\/div>\n\t\t\t\t<div class=\"elementor-element elementor-element-d4dd57b elementor-widget elementor-widget-heading\" data-id=\"d4dd57b\" data-element_type=\"widget\" data-e-type=\"widget\" data-widget_type=\"heading.default\">\n\t\t\t\t<div class=\"elementor-widget-container\">\n\t\t\t\t\t<h2 class=\"elementor-heading-title elementor-size-default\">La m\u00fasica como herramienta neurocient\u00edfica: del arte a la medici\u00f3n cerebral<\/h2>\t\t\t\t<\/div>\n\t\t\t\t<\/div>\n\t\t\t\t<div class=\"elementor-element elementor-element-e972b91 elementor-widget elementor-widget-text-editor\" data-id=\"e972b91\" data-element_type=\"widget\" data-e-type=\"widget\" data-widget_type=\"text-editor.default\">\n\t\t\t\t<div class=\"elementor-widget-container\">\n\t\t\t\t\t\t\t\t\t<p class=\"p1\">Uno de los hitos m\u00e1s relevantes de la jornada fue la <strong>demostraci\u00f3n en tiempo real de la actividad cerebral de un m\u00fasico durante su interpretaci\u00f3n<\/strong>.<\/p><p class=\"p1\">A trav\u00e9s de electroencefalograf\u00eda (EEG), y <strong>gracias a la tecnolog\u00eda desarrollada por<\/strong> <strong><a href=\"https:\/\/www.starlab.es\/\" target=\"_blank\" rel=\"noopener\">Starlab<\/a><\/strong>, se utiliz\u00f3 un casco de medici\u00f3n cerebral que permiti\u00f3 registrar en directo la actividad neuronal del int\u00e9rprete durante la ejecuci\u00f3n musical.<\/p><p class=\"p1\">Esta tecnolog\u00eda <strong>hizo posible observar c\u00f3mo el cerebro responde a la m\u00fasica en tiempo real<\/strong>, <strong>activando<\/strong> distintas \u00e1reas relacionadas con:<\/p><ul class=\"ul1\"><li class=\"li2\">La <strong>motricidad<\/strong><\/li><li class=\"li2\">La <strong>audici\u00f3n<\/strong><\/li><li class=\"li2\">La <strong>planificaci\u00f3n cognitiva<\/strong><\/li><li class=\"li2\">La <strong>monitorizaci\u00f3n de errores<\/strong><\/li><\/ul><p class=\"p1\">Tal y como se expuso durante la jornada, <strong>el cerebro funciona como un sistema predictivo<\/strong> que anticipa lo que va a suceder en funci\u00f3n de la acci\u00f3n musical, generando ajustes constantes en tiempo real.<\/p><p class=\"p1\">Este enfoque permite entender la m\u00fasica no solo como est\u00edmulo, sino como interacci\u00f3n activa entre cerebro, cuerpo y entorno.<\/p>\t\t\t\t\t\t\t\t<\/div>\n\t\t\t\t<\/div>\n\t\t\t\t<div class=\"elementor-element elementor-element-4a24f64 elementor-widget elementor-widget-image\" data-id=\"4a24f64\" data-element_type=\"widget\" data-e-type=\"widget\" data-widget_type=\"image.default\">\n\t\t\t\t<div class=\"elementor-widget-container\">\n\t\t\t\t\t\t\t\t\t\t\t\t\t\t\t<img decoding=\"async\" width=\"1024\" height=\"613\" src=\"https:\/\/www.nus.agency\/wp-content\/uploads\/2026\/04\/I-Jornada-del-Proyecto-NES-obra-inedita-40-HZ-Rafael-Vargas-1024x613.jpg\" class=\"attachment-large size-large wp-image-96629\" alt=\"I-Jornada-del-Proyecto-NES-obra-inedita-40-HZ-Rafael-Vargas\" srcset=\"https:\/\/www.nus.agency\/wp-content\/uploads\/2026\/04\/I-Jornada-del-Proyecto-NES-obra-inedita-40-HZ-Rafael-Vargas-1024x613.jpg 1024w, https:\/\/www.nus.agency\/wp-content\/uploads\/2026\/04\/I-Jornada-del-Proyecto-NES-obra-inedita-40-HZ-Rafael-Vargas-300x180.jpg 300w, https:\/\/www.nus.agency\/wp-content\/uploads\/2026\/04\/I-Jornada-del-Proyecto-NES-obra-inedita-40-HZ-Rafael-Vargas-768x460.jpg 768w, https:\/\/www.nus.agency\/wp-content\/uploads\/2026\/04\/I-Jornada-del-Proyecto-NES-obra-inedita-40-HZ-Rafael-Vargas.jpg 1252w\" sizes=\"(max-width: 1024px) 100vw, 1024px\" \/>\t\t\t\t\t\t\t\t\t\t\t\t\t\t\t<\/div>\n\t\t\t\t<\/div>\n\t\t\t\t<div class=\"elementor-element elementor-element-4301fe4 elementor-widget elementor-widget-heading\" data-id=\"4301fe4\" data-element_type=\"widget\" data-e-type=\"widget\" data-widget_type=\"heading.default\">\n\t\t\t\t<div class=\"elementor-widget-container\">\n\t\t\t\t\t<h2 class=\"elementor-heading-title elementor-size-default\">La frecuencia 40 Hz: eje central del Proyecto NES<\/h2>\t\t\t\t<\/div>\n\t\t\t\t<\/div>\n\t\t\t\t<div class=\"elementor-element elementor-element-9f30e05 elementor-widget elementor-widget-text-editor\" data-id=\"9f30e05\" data-element_type=\"widget\" data-e-type=\"widget\" data-widget_type=\"text-editor.default\">\n\t\t\t\t<div class=\"elementor-widget-container\">\n\t\t\t\t\t\t\t\t\t<p class=\"p1\">El elemento clave que articula todo el Proyecto NES es la<strong> estimulaci\u00f3n a 40 Hz<\/strong>, <strong>vinculada a las llamadas ondas gamma<\/strong>.<\/p><p class=\"p1\">Durante la jornada se destac\u00f3 que estas oscilaciones:<\/p><ul class=\"ul1\"><li class=\"li2\">Est\u00e1n <strong>relacionadas con<\/strong> <strong>la memoria, la atenci\u00f3n y la integraci\u00f3n sensorial<\/strong><\/li><li class=\"li2\">Favorecen la <strong>comunicaci\u00f3n entre distintas regiones cerebrales<\/strong><\/li><li class=\"li2\">Reflejan<strong> sincronizaci\u00f3n neuronal en redes corticales<\/strong><\/li><\/ul><p class=\"p1\">Adem\u00e1s, se presentaron evidencias de que las personas con deterioro cognitivo muestran menor sincronizaci\u00f3n en esta frecuencia, lo que refuerza su <strong>potencial como herramienta terap\u00e9utica<\/strong>.<\/p><p class=\"p1\">Desde el punto de vista cl\u00ednico, la estimulaci\u00f3n a 40 Hz ya <strong>se est\u00e1 investigando en contextos como<\/strong>:<\/p><ul class=\"ul1\"><li class=\"li2\"><strong>Alzheimer<\/strong><\/li><li class=\"li2\"><a href=\"https:\/\/www.nus.agency\/es\/blog\/beneficios-de-la-musica-en-pacientes-con-parkinson\"><strong>Parkinson<\/strong><\/a><\/li><li class=\"li2\"><strong>Trastornos del neurodesarrollo<\/strong><\/li><\/ul><p class=\"p1\">Incluso se plante\u00f3 su uso como alternativa o complemento a tratamientos farmacol\u00f3gicos.<\/p>\t\t\t\t\t\t\t\t<\/div>\n\t\t\t\t<\/div>\n\t\t\t\t<div class=\"elementor-element elementor-element-53104c1 elementor-widget elementor-widget-heading\" data-id=\"53104c1\" data-element_type=\"widget\" data-e-type=\"widget\" data-widget_type=\"heading.default\">\n\t\t\t\t<div class=\"elementor-widget-container\">\n\t\t\t\t\t<h2 class=\"elementor-heading-title elementor-size-default\">Una visi\u00f3n interdisciplinar de la neurom\u00fasica a trav\u00e9s de una mesa de expertos\n<\/h2>\t\t\t\t<\/div>\n\t\t\t\t<\/div>\n\t\t\t\t<div class=\"elementor-element elementor-element-93a38e9 elementor-widget elementor-widget-text-editor\" data-id=\"93a38e9\" data-element_type=\"widget\" data-e-type=\"widget\" data-widget_type=\"text-editor.default\">\n\t\t\t\t<div class=\"elementor-widget-container\">\n\t\t\t\t\t\t\t\t\t<p class=\"p1\">Uno de los momentos clave de la jornada fue la mesa de expertos, donde <strong>se integraron distintas disciplinas para analizar los resultados desde una perspectiva cl\u00ednica, cient\u00edfica y educativa<\/strong>.<\/p><p class=\"p1\">En este espacio participaron perfiles altamente especializados, reflejo del enfoque transversal del Proyecto NES:<\/p><ul class=\"ul1\"><li class=\"li2\"><strong>\u00c1ngel Blanco<\/strong>, doctor especializado en cognici\u00f3n musical e investigador en Starlab.<\/li><li class=\"li2\"><strong>Marta Ochoa<\/strong>, m\u00e9dica neur\u00f3loga<\/li><li class=\"li2\"><strong>Rafael Vargas<\/strong>, compositor e int\u00e9rprete de la obra in\u00e9dita NES \u2013 40 Hz<\/li><li class=\"li2\"><strong>I\u00f1aki Sagastibelta<\/strong>, especialista en Fisioterapia y Neurociencia<\/li><li class=\"li2\"><strong>Jordi Sansa<\/strong>: doctor en Ingenier\u00eda de Sonido<\/li><li class=\"li2\"><strong>Entre otros profesionales de la salud, la m\u00fasica y la investigaci\u00f3n<\/strong><\/li><\/ul><p class=\"p1\">Durante el debate se analizaron aspectos clave como la activaci\u00f3n cerebral durante la ejecuci\u00f3n musical, la relaci\u00f3n entre percepci\u00f3n, predicci\u00f3n y emoci\u00f3n, y el potencial terap\u00e9utico de la neurom\u00fasica.<\/p>\t\t\t\t\t\t\t\t<\/div>\n\t\t\t\t<\/div>\n\t\t\t\t<div class=\"elementor-element elementor-element-606952a elementor-widget elementor-widget-image\" data-id=\"606952a\" data-element_type=\"widget\" data-e-type=\"widget\" data-widget_type=\"image.default\">\n\t\t\t\t<div class=\"elementor-widget-container\">\n\t\t\t\t\t\t\t\t\t\t\t\t\t\t\t<img decoding=\"async\" width=\"1024\" height=\"613\" src=\"https:\/\/www.nus.agency\/wp-content\/uploads\/2026\/04\/I-Jornada-del-Proyecto-NES-mesa-de-expertos-1024x613.jpg\" class=\"attachment-large size-large wp-image-96630\" alt=\"I-Jornada-del-Proyecto-NES-mesa-de-expertos\" srcset=\"https:\/\/www.nus.agency\/wp-content\/uploads\/2026\/04\/I-Jornada-del-Proyecto-NES-mesa-de-expertos-1024x613.jpg 1024w, https:\/\/www.nus.agency\/wp-content\/uploads\/2026\/04\/I-Jornada-del-Proyecto-NES-mesa-de-expertos-300x180.jpg 300w, https:\/\/www.nus.agency\/wp-content\/uploads\/2026\/04\/I-Jornada-del-Proyecto-NES-mesa-de-expertos-768x460.jpg 768w, https:\/\/www.nus.agency\/wp-content\/uploads\/2026\/04\/I-Jornada-del-Proyecto-NES-mesa-de-expertos.jpg 1252w\" sizes=\"(max-width: 1024px) 100vw, 1024px\" \/>\t\t\t\t\t\t\t\t\t\t\t\t\t\t\t<\/div>\n\t\t\t\t<\/div>\n\t\t\t\t<div class=\"elementor-element elementor-element-9c1b19c elementor-widget elementor-widget-heading\" data-id=\"9c1b19c\" data-element_type=\"widget\" data-e-type=\"widget\" data-widget_type=\"heading.default\">\n\t\t\t\t<div class=\"elementor-widget-container\">\n\t\t\t\t\t<h2 class=\"elementor-heading-title elementor-size-default\">Neuromodulaci\u00f3n y plasticidad cerebral: nuevas v\u00edas en salud<\/h2>\t\t\t\t<\/div>\n\t\t\t\t<\/div>\n\t\t\t\t<div class=\"elementor-element elementor-element-9ce37f5 elementor-widget elementor-widget-text-editor\" data-id=\"9ce37f5\" data-element_type=\"widget\" data-e-type=\"widget\" data-widget_type=\"text-editor.default\">\n\t\t\t\t<div class=\"elementor-widget-container\">\n\t\t\t\t\t\t\t\t\t<p class=\"p1\">Otro de los grandes consensos de la jornada fue el <strong>papel de la neuromodulaci\u00f3n a trav\u00e9s de est\u00edmulos sonoros<\/strong>.<\/p><p class=\"p1\">La investigaci\u00f3n presentada se\u00f1ala que la estimulaci\u00f3n a 40 Hz puede:<\/p><ul class=\"ul1\"><li class=\"li2\"><strong>Activar la <a href=\"https:\/\/www.nus.agency\/es\/blog\/neuroplasticidad-como-tu-cerebro-se-reinventa-a-lo-largo-de-la-vida\">plasticidad neuronal<\/a><\/strong><\/li><li class=\"li2\"><strong>Modificar la actividad sin\u00e1ptica<\/strong><\/li><li class=\"li2\"><strong>Influir en neurotransmisores como el GABA <\/strong>(\u00e1cido gamma-aminobut\u00edrico)<\/li><li class=\"li2\"><strong>Mejorar la conectividad cerebral<\/strong><\/li><\/ul><p class=\"p1\"><strong>Esto sit\u00faa a la neurom\u00fasica dentro de las intervenciones no invasivas con mayor potencial en salud<\/strong>, especialmente en el \u00e1mbito de la <a href=\"https:\/\/www.nus.agency\/es\/blog\/casos-reales-que-demuestran-el-poder-de-la-musica-en-la-rehabilitacion-neurologica\">neurorehabilitaci\u00f3n<\/a> y el <a href=\"https:\/\/www.nus.agency\/es\/blog\/la-practica-musical-contribuye-al-retraso-del-deterioro-cognitivo\">envejecimiento cognitivo<\/a>.<\/p>\t\t\t\t\t\t\t\t<\/div>\n\t\t\t\t<\/div>\n\t\t\t\t<div class=\"elementor-element elementor-element-fd88c3d elementor-widget elementor-widget-heading\" data-id=\"fd88c3d\" data-element_type=\"widget\" data-e-type=\"widget\" data-widget_type=\"heading.default\">\n\t\t\t\t<div class=\"elementor-widget-container\">\n\t\t\t\t\t<h2 class=\"elementor-heading-title elementor-size-default\">La experiencia musical: emoci\u00f3n, predicci\u00f3n y estados de conciencia<\/h2>\t\t\t\t<\/div>\n\t\t\t\t<\/div>\n\t\t\t\t<div class=\"elementor-element elementor-element-d24ebe6 elementor-widget elementor-widget-text-editor\" data-id=\"d24ebe6\" data-element_type=\"widget\" data-e-type=\"widget\" data-widget_type=\"text-editor.default\">\n\t\t\t\t<div class=\"elementor-widget-container\">\n\t\t\t\t\t\t\t\t\t<p class=\"p1\">M\u00e1s all\u00e1 de los datos neurofisiol\u00f3gicos, la jornada tambi\u00e9n puso el foco en la experiencia subjetiva del oyente.<\/p><p class=\"p1\"><strong>Uno de los hallazgos m\u00e1s interesantes fue c\u00f3mo la m\u00fasica no predecible<\/strong>, como la composici\u00f3n presentada por Rafael Vargas de Prado, <strong>genera<\/strong>:<\/p><ul class=\"ul1\"><li class=\"li2\"><strong>Mayor implicaci\u00f3n emocional<\/strong><\/li><li class=\"li2\"><strong>Estados de absorci\u00f3n o experiencia est\u00e9tica<\/strong><\/li><li class=\"li2\"><strong>Reducci\u00f3n de la actividad predictiva del cerebro<\/strong><\/li><\/ul><p class=\"p1\">Cuando el cerebro no puede anticipar lo que va a suceder, se \u201crinde\u201d al est\u00edmulo, favoreciendo estados cercanos a la meditaci\u00f3n o la atenci\u00f3n plena, tal y como se recogi\u00f3 en m\u00faltiples testimonios durante la jornada.<\/p>\t\t\t\t\t\t\t\t<\/div>\n\t\t\t\t<\/div>\n\t\t\t\t<div class=\"elementor-element elementor-element-ec441d0 elementor-hidden-tablet elementor-hidden-mobile elementor-widget elementor-widget-image\" data-id=\"ec441d0\" data-element_type=\"widget\" data-e-type=\"widget\" data-widget_type=\"image.default\">\n\t\t\t\t<div class=\"elementor-widget-container\">\n\t\t\t\t\t\t\t\t\t\t\t\t\t\t\t\t<a href=\"https:\/\/www.nus.agency\/es\/masters-y-postgrados\/master-online-en-neuromusica?utm_source=blog&#038;utm_medium=owned&#038;utm_campaign=articulo-I-jornada-del-proyecto-NES\">\n\t\t\t\t\t\t\t<img loading=\"lazy\" decoding=\"async\" width=\"1024\" height=\"258\" src=\"https:\/\/www.nus.agency\/wp-content\/uploads\/2026\/03\/cta-blog-MNM-NUS-1024x258.jpg\" class=\"attachment-large size-large wp-image-96086\" alt=\"cta-blog-MNM-NUS\" srcset=\"https:\/\/www.nus.agency\/wp-content\/uploads\/2026\/03\/cta-blog-MNM-NUS-1024x258.jpg 1024w, https:\/\/www.nus.agency\/wp-content\/uploads\/2026\/03\/cta-blog-MNM-NUS-300x76.jpg 300w, https:\/\/www.nus.agency\/wp-content\/uploads\/2026\/03\/cta-blog-MNM-NUS-768x193.jpg 768w, https:\/\/www.nus.agency\/wp-content\/uploads\/2026\/03\/cta-blog-MNM-NUS-1536x387.jpg 1536w, https:\/\/www.nus.agency\/wp-content\/uploads\/2026\/03\/cta-blog-MNM-NUS.jpg 1572w\" sizes=\"(max-width: 1024px) 100vw, 1024px\" \/>\t\t\t\t\t\t\t\t<\/a>\n\t\t\t\t\t\t\t\t\t\t\t\t\t\t\t<\/div>\n\t\t\t\t<\/div>\n\t\t\t\t<div class=\"elementor-element elementor-element-b5043f5 elementor-hidden-desktop elementor-widget elementor-widget-image\" data-id=\"b5043f5\" data-element_type=\"widget\" data-e-type=\"widget\" data-widget_type=\"image.default\">\n\t\t\t\t<div class=\"elementor-widget-container\">\n\t\t\t\t\t\t\t\t\t\t\t\t\t\t\t\t<a href=\"https:\/\/www.nus.agency\/es\/masters-y-postgrados\/master-online-en-neuromusica?utm_source=blog&#038;utm_medium=owned&#038;utm_campaign=articulo-I-jornada-del-proyecto-NES\">\n\t\t\t\t\t\t\t<img loading=\"lazy\" decoding=\"async\" width=\"1024\" height=\"1024\" src=\"https:\/\/www.nus.agency\/wp-content\/uploads\/2026\/03\/cta-blog-MNM-NUS-1080x1080-1-1024x1024.png\" class=\"attachment-large size-large wp-image-96087\" alt=\"cta-blog-MNM-NUS-1080x1080\" srcset=\"https:\/\/www.nus.agency\/wp-content\/uploads\/2026\/03\/cta-blog-MNM-NUS-1080x1080-1-1024x1024.png 1024w, https:\/\/www.nus.agency\/wp-content\/uploads\/2026\/03\/cta-blog-MNM-NUS-1080x1080-1-300x300.png 300w, https:\/\/www.nus.agency\/wp-content\/uploads\/2026\/03\/cta-blog-MNM-NUS-1080x1080-1-150x150.png 150w, https:\/\/www.nus.agency\/wp-content\/uploads\/2026\/03\/cta-blog-MNM-NUS-1080x1080-1-768x768.png 768w, https:\/\/www.nus.agency\/wp-content\/uploads\/2026\/03\/cta-blog-MNM-NUS-1080x1080-1.png 1080w\" sizes=\"(max-width: 1024px) 100vw, 1024px\" \/>\t\t\t\t\t\t\t\t<\/a>\n\t\t\t\t\t\t\t\t\t\t\t\t\t\t\t<\/div>\n\t\t\t\t<\/div>\n\t\t\t\t<div class=\"elementor-element elementor-element-86d63b0 elementor-widget elementor-widget-heading\" data-id=\"86d63b0\" data-element_type=\"widget\" data-e-type=\"widget\" data-widget_type=\"heading.default\">\n\t\t\t\t<div class=\"elementor-widget-container\">\n\t\t\t\t\t<h2 class=\"elementor-heading-title elementor-size-default\">Neuroeducaci\u00f3n musical: una herramienta para la vida\n<\/h2>\t\t\t\t<\/div>\n\t\t\t\t<\/div>\n\t\t\t\t<div class=\"elementor-element elementor-element-87850a1 elementor-widget elementor-widget-text-editor\" data-id=\"87850a1\" data-element_type=\"widget\" data-e-type=\"widget\" data-widget_type=\"text-editor.default\">\n\t\t\t\t<div class=\"elementor-widget-container\">\n\t\t\t\t\t\t\t\t\t<p class=\"p1\">Otro de los pilares del Proyecto NES es la neuroeducaci\u00f3n musical, impulsada desde una visi\u00f3n aplicada por profesionales como Rafael Vargas de Prado.<\/p><p class=\"p1\"><strong>Durante la jornada se defendi\u00f3 que la m\u00fasica debe entenderse como una herramienta transversal<\/strong>, \u00fatil no solo en el \u00e1mbito art\u00edstico, sino tambi\u00e9n para:<\/p><ul class=\"ul1\"><li class=\"li2\"><strong>Gestionar la ansiedad y el estr\u00e9s<\/strong><\/li><li class=\"li2\"><strong>Mejorar la regulaci\u00f3n emocional<\/strong><\/li><li class=\"li2\"><strong>Desarrollar habilidades cognitivas<\/strong><\/li><li class=\"li2\"><strong>Aportar recursos en contextos de enfermedad<\/strong><\/li><\/ul><p class=\"p1\">Se plantea as\u00ed un cambio de paradigma: formar en m\u00fasica no solo para crear m\u00fasicos, sino para mejorar la salud y el bienestar de la poblaci\u00f3n.<\/p>\t\t\t\t\t\t\t\t<\/div>\n\t\t\t\t<\/div>\n\t\t\t\t<div class=\"elementor-element elementor-element-86b2c75 elementor-widget elementor-widget-heading\" data-id=\"86b2c75\" data-element_type=\"widget\" data-e-type=\"widget\" data-widget_type=\"heading.default\">\n\t\t\t\t<div class=\"elementor-widget-container\">\n\t\t\t\t\t<h2 class=\"elementor-heading-title elementor-size-default\">Conclusi\u00f3n: un nuevo paradigma en salud basado en la neurom\u00fasica\n\n<\/h2>\t\t\t\t<\/div>\n\t\t\t\t<\/div>\n\t\t\t\t<div class=\"elementor-element elementor-element-d7d5e21 elementor-widget elementor-widget-text-editor\" data-id=\"d7d5e21\" data-element_type=\"widget\" data-e-type=\"widget\" data-widget_type=\"text-editor.default\">\n\t\t\t\t<div class=\"elementor-widget-container\">\n\t\t\t\t\t\t\t\t\t<p class=\"p1\">Esta I Jornada del Proyecto NES de NUS ha demostrado que <strong>la neurom\u00fasica no es una tendencia pasajera, sino una disciplina con base cient\u00edfica y gran potencial de impacto<\/strong>.<\/p><p class=\"p1\">Las principales conclusiones son claras:<\/p><ul class=\"ul1\"><li class=\"li2\"><strong>La m\u00fasica puede medirse, analizarse y aplicarse cl\u00ednicamente<\/strong><\/li><li class=\"li2\"><strong>La<\/strong> <strong>frecuencia 40 Hz<\/strong> representa una <strong>v\u00eda prometedora en neuroestimulaci\u00f3n<\/strong><\/li><li class=\"li2\"><strong>La experiencia musical influye directamente en el cerebro y el estado emocional<\/strong><\/li><li class=\"li2\"><strong>La neurom\u00fasica abre nuevas posibilidades en salud, educaci\u00f3n y bienestar<\/strong><\/li><\/ul><p class=\"p1\">En definitiva, el Proyecto NES marca el inicio de una nueva forma de entender la m\u00fasica: no solo como arte, sino como herramienta de intervenci\u00f3n en salud basada en evidencia.<\/p>\t\t\t\t\t\t\t\t<\/div>\n\t\t\t\t<\/div>\n\t\t\t\t\t<\/div>\n\t\t<\/div>\n\t\t\t\t\t<\/div>\n\t\t<\/section>\n\t\t\t\t<section class=\"elementor-section elementor-top-section elementor-element elementor-element-fba93bd elementor-section-boxed elementor-section-height-default elementor-section-height-default\" data-id=\"fba93bd\" data-element_type=\"section\" data-e-type=\"section\">\n\t\t\t\t\t\t<div class=\"elementor-container elementor-column-gap-default\">\n\t\t\t\t\t<div class=\"elementor-column elementor-col-100 elementor-top-column elementor-element elementor-element-2a7a90f\" data-id=\"2a7a90f\" data-element_type=\"column\" data-e-type=\"column\">\n\t\t\t<div class=\"elementor-widget-wrap elementor-element-populated\">\n\t\t\t\t\t\t<div class=\"elementor-element elementor-element-958668b elementor-widget-divider--view-line_text elementor-widget-divider--element-align-center elementor-widget elementor-widget-divider\" data-id=\"958668b\" data-element_type=\"widget\" data-e-type=\"widget\" data-widget_type=\"divider.default\">\n\t\t\t\t<div class=\"elementor-widget-container\">\n\t\t\t\t\t\t\t<div class=\"elementor-divider\">\n\t\t\t<span class=\"elementor-divider-separator\">\n\t\t\t\t\t\t\t<h4 class=\"elementor-divider__text elementor-divider__element\">\n\t\t\t\tCursos recomendados\t\t\t\t<\/h4>\n\t\t\t\t\t\t<\/span>\n\t\t<\/div>\n\t\t\t\t\t\t<\/div>\n\t\t\t\t<\/div>\n\t\t\t\t<div class=\"elementor-element elementor-element-92545fc elementor-posts--align-right elementor-grid-3 elementor-grid-tablet-2 elementor-grid-mobile-1 elementor-posts--thumbnail-top elementor-widget elementor-widget-posts\" data-id=\"92545fc\" data-element_type=\"widget\" data-e-type=\"widget\" data-settings=\"{&quot;classic_columns&quot;:&quot;3&quot;,&quot;classic_columns_tablet&quot;:&quot;2&quot;,&quot;classic_columns_mobile&quot;:&quot;1&quot;,&quot;classic_row_gap&quot;:{&quot;unit&quot;:&quot;px&quot;,&quot;size&quot;:35,&quot;sizes&quot;:[]},&quot;classic_row_gap_tablet&quot;:{&quot;unit&quot;:&quot;px&quot;,&quot;size&quot;:&quot;&quot;,&quot;sizes&quot;:[]},&quot;classic_row_gap_mobile&quot;:{&quot;unit&quot;:&quot;px&quot;,&quot;size&quot;:&quot;&quot;,&quot;sizes&quot;:[]}}\" data-widget_type=\"posts.classic\">\n\t\t\t\t<div class=\"elementor-widget-container\">\n\t\t\t\t\t\t\t<div class=\"elementor-posts-container elementor-posts elementor-posts--skin-classic elementor-grid\" role=\"list\">\n\t\t\t\t<article class=\"elementor-post elementor-grid-item post-91913 masters-y-postgrados type-masters-y-postgrados status-publish has-post-thumbnail hentry tag-mba tag-mba-en-salud tag-mba-sanitario\" role=\"listitem\">\n\t\t\t\t<a class=\"elementor-post__thumbnail__link\" href=\"https:\/\/www.nus.agency\/es\/masters-y-postgrados\/mba-direccion-gestion-empresas-salud\" tabindex=\"-1\" >\n\t\t\t<div class=\"elementor-post__thumbnail\"><img loading=\"lazy\" decoding=\"async\" width=\"300\" height=\"167\" src=\"https:\/\/www.nus.agency\/wp-content\/uploads\/2025\/12\/master_mba_nus_agency_blended.webp\" class=\"attachment-medium size-medium wp-image-91945\" alt=\"\" \/><\/div>\n\t\t<\/a>\n\t\t\t\t<div class=\"elementor-post__text\">\n\t\t\t\t<h3 class=\"elementor-post__title\">\n\t\t\t<a href=\"https:\/\/www.nus.agency\/es\/masters-y-postgrados\/mba-direccion-gestion-empresas-salud\" >\n\t\t\t\tMBA en Direcci\u00f3n y Gesti\u00f3n de Empresas de Salud\t\t\t<\/a>\n\t\t<\/h3>\n\t\t\n\t\t<a class=\"elementor-post__read-more\" href=\"https:\/\/www.nus.agency\/es\/masters-y-postgrados\/mba-direccion-gestion-empresas-salud\" aria-label=\"Compartir en facebook\" tabindex=\"-1\" >\n\t\t\tLEER M\u00c1S \u00bb\t\t<\/a>\n\n\t\t\t\t<\/div>\n\t\t\t\t<\/article>\n\t\t\t\t<article class=\"elementor-post elementor-grid-item post-91051 masters-y-postgrados type-masters-y-postgrados status-publish has-post-thumbnail hentry\" role=\"listitem\">\n\t\t\t\t<a class=\"elementor-post__thumbnail__link\" href=\"https:\/\/www.nus.agency\/es\/masters-y-postgrados\/enfermera-gestora-de-la-imagen-corporal\" tabindex=\"-1\" >\n\t\t\t<div class=\"elementor-post__thumbnail\"><img loading=\"lazy\" decoding=\"async\" width=\"290\" height=\"300\" src=\"https:\/\/www.nus.agency\/wp-content\/uploads\/2025\/09\/master_mic_nus_agency.webp\" class=\"attachment-medium size-medium wp-image-91056\" alt=\"\" \/><\/div>\n\t\t<\/a>\n\t\t\t\t<div class=\"elementor-post__text\">\n\t\t\t\t<h3 class=\"elementor-post__title\">\n\t\t\t<a href=\"https:\/\/www.nus.agency\/es\/masters-y-postgrados\/enfermera-gestora-de-la-imagen-corporal\" >\n\t\t\t\tM\u00e1ster en Imagen Corporal y Enfermer\u00eda Dermoest\u00e9tica | NUS Agency\t\t\t<\/a>\n\t\t<\/h3>\n\t\t\n\t\t<a class=\"elementor-post__read-more\" href=\"https:\/\/www.nus.agency\/es\/masters-y-postgrados\/enfermera-gestora-de-la-imagen-corporal\" aria-label=\"Compartir en facebook\" tabindex=\"-1\" >\n\t\t\tLEER M\u00c1S \u00bb\t\t<\/a>\n\n\t\t\t\t<\/div>\n\t\t\t\t<\/article>\n\t\t\t\t<article class=\"elementor-post elementor-grid-item post-68251 masters-y-postgrados type-masters-y-postgrados status-publish has-post-thumbnail hentry\" role=\"listitem\">\n\t\t\t\t<a class=\"elementor-post__thumbnail__link\" href=\"https:\/\/www.nus.agency\/es\/masters-y-postgrados\/master-fisioterapia-dermatofuncional\" tabindex=\"-1\" >\n\t\t\t<div class=\"elementor-post__thumbnail\"><img loading=\"lazy\" decoding=\"async\" width=\"300\" height=\"180\" src=\"https:\/\/www.nus.agency\/wp-content\/uploads\/2023\/09\/NUS-Agency-master-fisioesteitica-y-dermatofuncional-class-1-1-300x180.png\" class=\"attachment-medium size-medium wp-image-90872\" alt=\"M\u00e1ster en Fisioest\u00e9tica y Dermatofuncional\" srcset=\"https:\/\/www.nus.agency\/wp-content\/uploads\/2023\/09\/NUS-Agency-master-fisioesteitica-y-dermatofuncional-class-1-1-300x180.png 300w, https:\/\/www.nus.agency\/wp-content\/uploads\/2023\/09\/NUS-Agency-master-fisioesteitica-y-dermatofuncional-class-1-1.png 560w\" sizes=\"(max-width: 300px) 100vw, 300px\" \/><\/div>\n\t\t<\/a>\n\t\t\t\t<div class=\"elementor-post__text\">\n\t\t\t\t<h3 class=\"elementor-post__title\">\n\t\t\t<a href=\"https:\/\/www.nus.agency\/es\/masters-y-postgrados\/master-fisioterapia-dermatofuncional\" >\n\t\t\t\tM\u00e1ster en Fisioest\u00e9tica y Dermatofuncional\t\t\t<\/a>\n\t\t<\/h3>\n\t\t\n\t\t<a class=\"elementor-post__read-more\" href=\"https:\/\/www.nus.agency\/es\/masters-y-postgrados\/master-fisioterapia-dermatofuncional\" aria-label=\"Compartir en facebook\" tabindex=\"-1\" >\n\t\t\tLEER M\u00c1S \u00bb\t\t<\/a>\n\n\t\t\t\t<\/div>\n\t\t\t\t<\/article>\n\t\t\t\t<\/div>\n\t\t\n\t\t\t\t\t\t<\/div>\n\t\t\t\t<\/div>\n\t\t\t\t<div class=\"elementor-element elementor-element-96686eb elementor-widget-divider--view-line_text elementor-widget-divider--element-align-center elementor-widget elementor-widget-divider\" data-id=\"96686eb\" data-element_type=\"widget\" data-e-type=\"widget\" data-widget_type=\"divider.default\">\n\t\t\t\t<div class=\"elementor-widget-container\">\n\t\t\t\t\t\t\t<div class=\"elementor-divider\">\n\t\t\t<span class=\"elementor-divider-separator\">\n\t\t\t\t\t\t\t<h4 class=\"elementor-divider__text elementor-divider__element\">\n\t\t\t\tSigue leyendo\t\t\t\t<\/h4>\n\t\t\t\t\t\t<\/span>\n\t\t<\/div>\n\t\t\t\t\t\t<\/div>\n\t\t\t\t<\/div>\n\t\t\t\t<div class=\"elementor-element elementor-element-24cb3d3 elementor-posts--align-right elementor-grid-3 elementor-grid-tablet-2 elementor-grid-mobile-1 elementor-posts--thumbnail-top elementor-widget elementor-widget-posts\" data-id=\"24cb3d3\" data-element_type=\"widget\" data-e-type=\"widget\" data-settings=\"{&quot;classic_columns&quot;:&quot;3&quot;,&quot;classic_columns_tablet&quot;:&quot;2&quot;,&quot;classic_columns_mobile&quot;:&quot;1&quot;,&quot;classic_row_gap&quot;:{&quot;unit&quot;:&quot;px&quot;,&quot;size&quot;:35,&quot;sizes&quot;:[]},&quot;classic_row_gap_tablet&quot;:{&quot;unit&quot;:&quot;px&quot;,&quot;size&quot;:&quot;&quot;,&quot;sizes&quot;:[]},&quot;classic_row_gap_mobile&quot;:{&quot;unit&quot;:&quot;px&quot;,&quot;size&quot;:&quot;&quot;,&quot;sizes&quot;:[]}}\" data-widget_type=\"posts.classic\">\n\t\t\t\t<div class=\"elementor-widget-container\">\n\t\t\t\t\t\t\t<div class=\"elementor-posts-container elementor-posts elementor-posts--skin-classic elementor-grid\" role=\"list\">\n\t\t\t\t<article class=\"elementor-post elementor-grid-item post-96623 post type-post status-publish format-standard has-post-thumbnail hentry category-blog category-master-neuromusica\" role=\"listitem\">\n\t\t\t\t<a class=\"elementor-post__thumbnail__link\" href=\"https:\/\/www.nus.agency\/es\/blog\/neuromusica-y-cerebro-conclusiones-de-la-i-jornada-del-proyecto-nes-de-nus\" tabindex=\"-1\" >\n\t\t\t<div class=\"elementor-post__thumbnail\"><img loading=\"lazy\" decoding=\"async\" width=\"300\" height=\"180\" src=\"https:\/\/www.nus.agency\/wp-content\/uploads\/2026\/04\/imagen-destacada-I-Jornada-del-Proyecto-NES-300x180.jpg\" class=\"attachment-medium size-medium wp-image-96628\" alt=\"imagen-destacada-I-Jornada-del-Proyecto-NES\" srcset=\"https:\/\/www.nus.agency\/wp-content\/uploads\/2026\/04\/imagen-destacada-I-Jornada-del-Proyecto-NES-300x180.jpg 300w, https:\/\/www.nus.agency\/wp-content\/uploads\/2026\/04\/imagen-destacada-I-Jornada-del-Proyecto-NES-1024x613.jpg 1024w, https:\/\/www.nus.agency\/wp-content\/uploads\/2026\/04\/imagen-destacada-I-Jornada-del-Proyecto-NES-768x460.jpg 768w, https:\/\/www.nus.agency\/wp-content\/uploads\/2026\/04\/imagen-destacada-I-Jornada-del-Proyecto-NES.jpg 1252w\" sizes=\"(max-width: 300px) 100vw, 300px\" \/><\/div>\n\t\t<\/a>\n\t\t\t\t<div class=\"elementor-post__text\">\n\t\t\t\t<h3 class=\"elementor-post__title\">\n\t\t\t<a href=\"https:\/\/www.nus.agency\/es\/blog\/neuromusica-y-cerebro-conclusiones-de-la-i-jornada-del-proyecto-nes-de-nus\" >\n\t\t\t\tNeurom\u00fasica y cerebro: conclusiones de la I Jornada del Proyecto NES de NUS\t\t\t<\/a>\n\t\t<\/h3>\n\t\t\n\t\t<a class=\"elementor-post__read-more\" href=\"https:\/\/www.nus.agency\/es\/blog\/neuromusica-y-cerebro-conclusiones-de-la-i-jornada-del-proyecto-nes-de-nus\" aria-label=\"Compartir en facebook\" tabindex=\"-1\" >\n\t\t\tLEER M\u00c1S \u00bb\t\t<\/a>\n\n\t\t\t\t<\/div>\n\t\t\t\t<\/article>\n\t\t\t\t<article class=\"elementor-post elementor-grid-item post-96072 post type-post status-publish format-standard has-post-thumbnail hentry category-blog category-master-imagen-corporal category-master-neuromusica\" role=\"listitem\">\n\t\t\t\t<a class=\"elementor-post__thumbnail__link\" href=\"https:\/\/www.nus.agency\/es\/blog\/la-vocalia-de-enfermeria-del-trabajo-del-coib-y-nus-llevan-la-musica-al-cuidado-de-las-enfermeras\" tabindex=\"-1\" >\n\t\t\t<div class=\"elementor-post__thumbnail\"><img loading=\"lazy\" decoding=\"async\" width=\"300\" height=\"180\" src=\"https:\/\/www.nus.agency\/wp-content\/uploads\/2026\/03\/imagen-destacada-articulo-vocalia-infermeria-del-treball-COIB-neuromusica-NUS-300x180.jpg\" class=\"attachment-medium size-medium wp-image-96115\" alt=\"imagen-destacada-articulo-vocalia-infermeria-del-treball-COIB-neuromusica-NUS\" srcset=\"https:\/\/www.nus.agency\/wp-content\/uploads\/2026\/03\/imagen-destacada-articulo-vocalia-infermeria-del-treball-COIB-neuromusica-NUS-300x180.jpg 300w, https:\/\/www.nus.agency\/wp-content\/uploads\/2026\/03\/imagen-destacada-articulo-vocalia-infermeria-del-treball-COIB-neuromusica-NUS-1024x614.jpg 1024w, https:\/\/www.nus.agency\/wp-content\/uploads\/2026\/03\/imagen-destacada-articulo-vocalia-infermeria-del-treball-COIB-neuromusica-NUS-768x461.jpg 768w, https:\/\/www.nus.agency\/wp-content\/uploads\/2026\/03\/imagen-destacada-articulo-vocalia-infermeria-del-treball-COIB-neuromusica-NUS.jpg 1250w\" sizes=\"(max-width: 300px) 100vw, 300px\" \/><\/div>\n\t\t<\/a>\n\t\t\t\t<div class=\"elementor-post__text\">\n\t\t\t\t<h3 class=\"elementor-post__title\">\n\t\t\t<a href=\"https:\/\/www.nus.agency\/es\/blog\/la-vocalia-de-enfermeria-del-trabajo-del-coib-y-nus-llevan-la-musica-al-cuidado-de-las-enfermeras\" >\n\t\t\t\tLa Vocal\u00eda de Enfermer\u00eda del Trabajo del COIB y NUS\u00a0llevan la m\u00fasica al cuidado de las enfermeras\t\t\t<\/a>\n\t\t<\/h3>\n\t\t\n\t\t<a class=\"elementor-post__read-more\" href=\"https:\/\/www.nus.agency\/es\/blog\/la-vocalia-de-enfermeria-del-trabajo-del-coib-y-nus-llevan-la-musica-al-cuidado-de-las-enfermeras\" aria-label=\"Compartir en facebook\" tabindex=\"-1\" >\n\t\t\tLEER M\u00c1S \u00bb\t\t<\/a>\n\n\t\t\t\t<\/div>\n\t\t\t\t<\/article>\n\t\t\t\t<article class=\"elementor-post elementor-grid-item post-95846 post type-post status-publish format-standard has-post-thumbnail hentry category-blog category-master-fisioterapia-dermatofuncional\" role=\"listitem\">\n\t\t\t\t<a class=\"elementor-post__thumbnail__link\" href=\"https:\/\/www.nus.agency\/es\/blog\/el-papel-del-suelo-pelvico-en-los-hombres-funciones-y-disfunciones\" tabindex=\"-1\" >\n\t\t\t<div class=\"elementor-post__thumbnail\"><img loading=\"lazy\" decoding=\"async\" width=\"300\" height=\"180\" src=\"https:\/\/www.nus.agency\/wp-content\/uploads\/2026\/02\/imagen-destacada-articulo-suelo-pelvico-hombres-300x180.jpg\" class=\"attachment-medium size-medium wp-image-95875\" alt=\"imagen-destacada-articulo-suelo-pelvico-hombres\" srcset=\"https:\/\/www.nus.agency\/wp-content\/uploads\/2026\/02\/imagen-destacada-articulo-suelo-pelvico-hombres-300x180.jpg 300w, https:\/\/www.nus.agency\/wp-content\/uploads\/2026\/02\/imagen-destacada-articulo-suelo-pelvico-hombres-1024x614.jpg 1024w, https:\/\/www.nus.agency\/wp-content\/uploads\/2026\/02\/imagen-destacada-articulo-suelo-pelvico-hombres-768x461.jpg 768w, https:\/\/www.nus.agency\/wp-content\/uploads\/2026\/02\/imagen-destacada-articulo-suelo-pelvico-hombres.jpg 1250w\" sizes=\"(max-width: 300px) 100vw, 300px\" \/><\/div>\n\t\t<\/a>\n\t\t\t\t<div class=\"elementor-post__text\">\n\t\t\t\t<h3 class=\"elementor-post__title\">\n\t\t\t<a href=\"https:\/\/www.nus.agency\/es\/blog\/el-papel-del-suelo-pelvico-en-los-hombres-funciones-y-disfunciones\" >\n\t\t\t\tEl papel del suelo p\u00e9lvico en los hombres: funciones y disfunciones\t\t\t<\/a>\n\t\t<\/h3>\n\t\t\n\t\t<a class=\"elementor-post__read-more\" href=\"https:\/\/www.nus.agency\/es\/blog\/el-papel-del-suelo-pelvico-en-los-hombres-funciones-y-disfunciones\" aria-label=\"Compartir en facebook\" tabindex=\"-1\" >\n\t\t\tLEER M\u00c1S \u00bb\t\t<\/a>\n\n\t\t\t\t<\/div>\n\t\t\t\t<\/article>\n\t\t\t\t<\/div>\n\t\t\n\t\t\t\t\t\t<\/div>\n\t\t\t\t<\/div>\n\t\t\t\t\t<\/div>\n\t\t<\/div>\n\t\t\t\t\t<\/div>\n\t\t<\/section>\n\t\t\t\t<\/div>\n\t\t","protected":false},"excerpt":{"rendered":"<p>La I Jornada del Proyecto NES: Neurom\u00fasica, Educaci\u00f3n y Salud de NUS, celebrada en la SGAE en Barcelona el pasado 10 de marzo ha marcado<\/p>\n","protected":false},"author":1,"featured_media":96628,"comment_status":"closed","ping_status":"open","sticky":false,"template":"","format":"standard","meta":{"_joinchat":[],"footnotes":""},"categories":[913,1198],"tags":[],"class_list":["post-96623","post","type-post","status-publish","format-standard","has-post-thumbnail","hentry","category-blog","category-master-neuromusica"],"yoast_head":"<!-- This site is optimized with the Yoast SEO Premium plugin v25.9 (Yoast SEO v27.5) - https:\/\/yoast.com\/product\/yoast-seo-premium-wordpress\/ -->\n<title>Conclusiones de la I Jornada del Proyecto NES de NUS<\/title>\n<meta name=\"description\" content=\"La I Jornada del Proyecto NES de NUS revela c\u00f3mo la neurom\u00fasica y los 40 Hz influyen en el cerebro y abren nuevas v\u00edas en salud y educaci\u00f3n.\" \/>\n<meta name=\"robots\" content=\"index, follow, max-snippet:-1, max-image-preview:large, max-video-preview:-1\" \/>\n<link rel=\"canonical\" href=\"https:\/\/www.nus.agency\/es\/blog\/neuromusica-y-cerebro-conclusiones-de-la-i-jornada-del-proyecto-nes-de-nus\" \/>\n<meta property=\"og:locale\" content=\"es_ES\" \/>\n<meta property=\"og:type\" content=\"article\" \/>\n<meta property=\"og:title\" content=\"Neurom\u00fasica y cerebro: conclusiones de la I Jornada del Proyecto NES de NUS\" \/>\n<meta property=\"og:description\" content=\"blog : Neurom\u00fasica y cerebro: conclusiones de la I Jornada del Proyecto NES de NUS\" \/>\n<meta property=\"og:url\" content=\"https:\/\/www.nus.agency\/es\/blog\/neuromusica-y-cerebro-conclusiones-de-la-i-jornada-del-proyecto-nes-de-nus\" \/>\n<meta property=\"og:site_name\" content=\"NUS Agency\" \/>\n<meta property=\"article:publisher\" content=\"https:\/\/www.facebook.com\/Nus.Agency\" \/>\n<meta property=\"article:published_time\" content=\"2026-04-29T15:36:12+00:00\" \/>\n<meta property=\"article:modified_time\" content=\"2026-04-29T15:36:15+00:00\" \/>\n<meta property=\"og:image\" content=\"https:\/\/www.nus.agency\/wp-content\/uploads\/2026\/04\/imagen-destacada-I-Jornada-del-Proyecto-NES.jpg\" \/>\n\t<meta property=\"og:image:width\" content=\"1252\" \/>\n\t<meta property=\"og:image:height\" content=\"750\" \/>\n\t<meta property=\"og:image:type\" content=\"image\/jpeg\" \/>\n<meta name=\"author\" content=\"adminnus\" \/>\n<meta name=\"twitter:card\" content=\"summary_large_image\" \/>\n<meta name=\"twitter:creator\" content=\"@NusUnidad\" \/>\n<meta name=\"twitter:site\" content=\"@NusUnidad\" \/>\n<meta name=\"twitter:label1\" content=\"Escrito por\" \/>\n\t<meta name=\"twitter:data1\" content=\"adminnus\" \/>\n\t<meta name=\"twitter:label2\" content=\"Tiempo de lectura\" \/>\n\t<meta name=\"twitter:data2\" content=\"6 minutos\" \/>\n<script type=\"application\/ld+json\" class=\"yoast-schema-graph\">{\"@context\":\"https:\\\/\\\/schema.org\",\"@graph\":[{\"@type\":[\"Article\",\"BlogPosting\"],\"@id\":\"https:\\\/\\\/www.nus.agency\\\/es\\\/blog\\\/neuromusica-y-cerebro-conclusiones-de-la-i-jornada-del-proyecto-nes-de-nus#article\",\"isPartOf\":{\"@id\":\"https:\\\/\\\/www.nus.agency\\\/es\\\/blog\\\/neuromusica-y-cerebro-conclusiones-de-la-i-jornada-del-proyecto-nes-de-nus\"},\"author\":{\"name\":\"adminnus\",\"@id\":\"https:\\\/\\\/www.nus.agency\\\/es\\\/#\\\/schema\\\/person\\\/afd025d2eda20a4518a50726f7e13277\"},\"headline\":\"Neurom\u00fasica y cerebro: conclusiones de la I Jornada del Proyecto NES de NUS\",\"datePublished\":\"2026-04-29T15:36:12+00:00\",\"dateModified\":\"2026-04-29T15:36:15+00:00\",\"mainEntityOfPage\":{\"@id\":\"https:\\\/\\\/www.nus.agency\\\/es\\\/blog\\\/neuromusica-y-cerebro-conclusiones-de-la-i-jornada-del-proyecto-nes-de-nus\"},\"wordCount\":1061,\"publisher\":{\"@id\":\"https:\\\/\\\/www.nus.agency\\\/es\\\/#organization\"},\"image\":{\"@id\":\"https:\\\/\\\/www.nus.agency\\\/es\\\/blog\\\/neuromusica-y-cerebro-conclusiones-de-la-i-jornada-del-proyecto-nes-de-nus#primaryimage\"},\"thumbnailUrl\":\"https:\\\/\\\/www.nus.agency\\\/wp-content\\\/uploads\\\/2026\\\/04\\\/imagen-destacada-I-Jornada-del-Proyecto-NES.jpg\",\"articleSection\":[\"blog\",\"Master Neurom\u00fasica\"],\"inLanguage\":\"es\"},{\"@type\":[\"WebPage\",\"ItemPage\"],\"@id\":\"https:\\\/\\\/www.nus.agency\\\/es\\\/blog\\\/neuromusica-y-cerebro-conclusiones-de-la-i-jornada-del-proyecto-nes-de-nus\",\"url\":\"https:\\\/\\\/www.nus.agency\\\/es\\\/blog\\\/neuromusica-y-cerebro-conclusiones-de-la-i-jornada-del-proyecto-nes-de-nus\",\"name\":\"Conclusiones de la I Jornada del Proyecto NES de NUS\",\"isPartOf\":{\"@id\":\"https:\\\/\\\/www.nus.agency\\\/es\\\/#website\"},\"primaryImageOfPage\":{\"@id\":\"https:\\\/\\\/www.nus.agency\\\/es\\\/blog\\\/neuromusica-y-cerebro-conclusiones-de-la-i-jornada-del-proyecto-nes-de-nus#primaryimage\"},\"image\":{\"@id\":\"https:\\\/\\\/www.nus.agency\\\/es\\\/blog\\\/neuromusica-y-cerebro-conclusiones-de-la-i-jornada-del-proyecto-nes-de-nus#primaryimage\"},\"thumbnailUrl\":\"https:\\\/\\\/www.nus.agency\\\/wp-content\\\/uploads\\\/2026\\\/04\\\/imagen-destacada-I-Jornada-del-Proyecto-NES.jpg\",\"datePublished\":\"2026-04-29T15:36:12+00:00\",\"dateModified\":\"2026-04-29T15:36:15+00:00\",\"description\":\"La I Jornada del Proyecto NES de NUS revela c\u00f3mo la neurom\u00fasica y los 40 Hz influyen en el cerebro y abren nuevas v\u00edas en salud y educaci\u00f3n.\",\"breadcrumb\":{\"@id\":\"https:\\\/\\\/www.nus.agency\\\/es\\\/blog\\\/neuromusica-y-cerebro-conclusiones-de-la-i-jornada-del-proyecto-nes-de-nus#breadcrumb\"},\"inLanguage\":\"es\",\"potentialAction\":[{\"@type\":\"ReadAction\",\"target\":[\"https:\\\/\\\/www.nus.agency\\\/es\\\/blog\\\/neuromusica-y-cerebro-conclusiones-de-la-i-jornada-del-proyecto-nes-de-nus\"]}]},{\"@type\":\"ImageObject\",\"inLanguage\":\"es\",\"@id\":\"https:\\\/\\\/www.nus.agency\\\/es\\\/blog\\\/neuromusica-y-cerebro-conclusiones-de-la-i-jornada-del-proyecto-nes-de-nus#primaryimage\",\"url\":\"https:\\\/\\\/www.nus.agency\\\/wp-content\\\/uploads\\\/2026\\\/04\\\/imagen-destacada-I-Jornada-del-Proyecto-NES.jpg\",\"contentUrl\":\"https:\\\/\\\/www.nus.agency\\\/wp-content\\\/uploads\\\/2026\\\/04\\\/imagen-destacada-I-Jornada-del-Proyecto-NES.jpg\",\"width\":1252,\"height\":750,\"caption\":\"imagen-destacada-I-Jornada-del-Proyecto-NES\"},{\"@type\":\"BreadcrumbList\",\"@id\":\"https:\\\/\\\/www.nus.agency\\\/es\\\/blog\\\/neuromusica-y-cerebro-conclusiones-de-la-i-jornada-del-proyecto-nes-de-nus#breadcrumb\",\"itemListElement\":[{\"@type\":\"ListItem\",\"position\":1,\"name\":\"Inicio\",\"item\":\"https:\\\/\\\/www.nus.agency\\\/es\"},{\"@type\":\"ListItem\",\"position\":2,\"name\":\"blog\",\"item\":\"https:\\\/\\\/www.nus.agency\\\/es\\\/category\\\/blog\"},{\"@type\":\"ListItem\",\"position\":3,\"name\":\"Neurom\u00fasica y cerebro: conclusiones de la I Jornada del Proyecto NES de NUS\"}]},{\"@type\":\"WebSite\",\"@id\":\"https:\\\/\\\/www.nus.agency\\\/es\\\/#website\",\"url\":\"https:\\\/\\\/www.nus.agency\\\/es\\\/\",\"name\":\"NUS Agency\",\"description\":\"Formaci\u00f3n especializada en el sector salud y bienestar. M\u00e1ster en Enfermer\u00eda Dermoest\u00e9tica, Fisioest\u00e9tica, Neurom\u00fasica, Terapia Breve.\",\"publisher\":{\"@id\":\"https:\\\/\\\/www.nus.agency\\\/es\\\/#organization\"},\"alternateName\":\"nus.agency\",\"potentialAction\":[{\"@type\":\"SearchAction\",\"target\":{\"@type\":\"EntryPoint\",\"urlTemplate\":\"https:\\\/\\\/www.nus.agency\\\/es\\\/?s={search_term_string}\"},\"query-input\":{\"@type\":\"PropertyValueSpecification\",\"valueRequired\":true,\"valueName\":\"search_term_string\"}}],\"inLanguage\":\"es\"},{\"@type\":\"Organization\",\"@id\":\"https:\\\/\\\/www.nus.agency\\\/es\\\/#organization\",\"name\":\"Nus Agency\",\"alternateName\":\"nus.agency\",\"url\":\"https:\\\/\\\/www.nus.agency\\\/es\\\/\",\"logo\":{\"@type\":\"ImageObject\",\"inLanguage\":\"es\",\"@id\":\"https:\\\/\\\/www.nus.agency\\\/es\\\/#\\\/schema\\\/logo\\\/image\\\/\",\"url\":\"https:\\\/\\\/www.nus.agency\\\/wp-content\\\/uploads\\\/2023\\\/09\\\/LOGO-NUS.png\",\"contentUrl\":\"https:\\\/\\\/www.nus.agency\\\/wp-content\\\/uploads\\\/2023\\\/09\\\/LOGO-NUS.png\",\"width\":500,\"height\":500,\"caption\":\"Nus Agency\"},\"image\":{\"@id\":\"https:\\\/\\\/www.nus.agency\\\/es\\\/#\\\/schema\\\/logo\\\/image\\\/\"},\"sameAs\":[\"https:\\\/\\\/www.facebook.com\\\/Nus.Agency\",\"https:\\\/\\\/x.com\\\/NusUnidad\",\"https:\\\/\\\/www.instagram.com\\\/nus.agency\\\/\",\"https:\\\/\\\/www.linkedin.com\\\/school\\\/nus-agency\\\/\",\"https:\\\/\\\/www.youtube.com\\\/channel\\\/UCcseK4CACJLLFX6J19Om5qQ\"]},{\"@type\":\"Person\",\"@id\":\"https:\\\/\\\/www.nus.agency\\\/es\\\/#\\\/schema\\\/person\\\/afd025d2eda20a4518a50726f7e13277\",\"name\":\"adminnus\",\"image\":{\"@type\":\"ImageObject\",\"inLanguage\":\"es\",\"@id\":\"https:\\\/\\\/secure.gravatar.com\\\/avatar\\\/1e3e3059e4c9d0b4911774c1f38cdd13d83fba8c376dd212040b1d141a1526a3?s=96&d=mm&r=g\",\"url\":\"https:\\\/\\\/secure.gravatar.com\\\/avatar\\\/1e3e3059e4c9d0b4911774c1f38cdd13d83fba8c376dd212040b1d141a1526a3?s=96&d=mm&r=g\",\"contentUrl\":\"https:\\\/\\\/secure.gravatar.com\\\/avatar\\\/1e3e3059e4c9d0b4911774c1f38cdd13d83fba8c376dd212040b1d141a1526a3?s=96&d=mm&r=g\",\"caption\":\"adminnus\"},\"url\":\"https:\\\/\\\/www.nus.agency\\\/es\\\/author\\\/adminnus\"}]}<\/script>\n<!-- \/ Yoast SEO Premium plugin. -->","yoast_head_json":{"title":"Conclusiones de la I Jornada del Proyecto NES de NUS","description":"La I Jornada del Proyecto NES de NUS revela c\u00f3mo la neurom\u00fasica y los 40 Hz influyen en el cerebro y abren nuevas v\u00edas en salud y educaci\u00f3n.","robots":{"index":"index","follow":"follow","max-snippet":"max-snippet:-1","max-image-preview":"max-image-preview:large","max-video-preview":"max-video-preview:-1"},"canonical":"https:\/\/www.nus.agency\/es\/blog\/neuromusica-y-cerebro-conclusiones-de-la-i-jornada-del-proyecto-nes-de-nus","og_locale":"es_ES","og_type":"article","og_title":"Neurom\u00fasica y cerebro: conclusiones de la I Jornada del Proyecto NES de NUS","og_description":"blog : Neurom\u00fasica y cerebro: conclusiones de la I Jornada del Proyecto NES de NUS","og_url":"https:\/\/www.nus.agency\/es\/blog\/neuromusica-y-cerebro-conclusiones-de-la-i-jornada-del-proyecto-nes-de-nus","og_site_name":"NUS Agency","article_publisher":"https:\/\/www.facebook.com\/Nus.Agency","article_published_time":"2026-04-29T15:36:12+00:00","article_modified_time":"2026-04-29T15:36:15+00:00","og_image":[{"width":1252,"height":750,"url":"https:\/\/www.nus.agency\/wp-content\/uploads\/2026\/04\/imagen-destacada-I-Jornada-del-Proyecto-NES.jpg","type":"image\/jpeg"}],"author":"adminnus","twitter_card":"summary_large_image","twitter_creator":"@NusUnidad","twitter_site":"@NusUnidad","twitter_misc":{"Escrito por":"adminnus","Tiempo de lectura":"6 minutos"},"schema":{"@context":"https:\/\/schema.org","@graph":[{"@type":["Article","BlogPosting"],"@id":"https:\/\/www.nus.agency\/es\/blog\/neuromusica-y-cerebro-conclusiones-de-la-i-jornada-del-proyecto-nes-de-nus#article","isPartOf":{"@id":"https:\/\/www.nus.agency\/es\/blog\/neuromusica-y-cerebro-conclusiones-de-la-i-jornada-del-proyecto-nes-de-nus"},"author":{"name":"adminnus","@id":"https:\/\/www.nus.agency\/es\/#\/schema\/person\/afd025d2eda20a4518a50726f7e13277"},"headline":"Neurom\u00fasica y cerebro: conclusiones de la I Jornada del Proyecto NES de NUS","datePublished":"2026-04-29T15:36:12+00:00","dateModified":"2026-04-29T15:36:15+00:00","mainEntityOfPage":{"@id":"https:\/\/www.nus.agency\/es\/blog\/neuromusica-y-cerebro-conclusiones-de-la-i-jornada-del-proyecto-nes-de-nus"},"wordCount":1061,"publisher":{"@id":"https:\/\/www.nus.agency\/es\/#organization"},"image":{"@id":"https:\/\/www.nus.agency\/es\/blog\/neuromusica-y-cerebro-conclusiones-de-la-i-jornada-del-proyecto-nes-de-nus#primaryimage"},"thumbnailUrl":"https:\/\/www.nus.agency\/wp-content\/uploads\/2026\/04\/imagen-destacada-I-Jornada-del-Proyecto-NES.jpg","articleSection":["blog","Master Neurom\u00fasica"],"inLanguage":"es"},{"@type":["WebPage","ItemPage"],"@id":"https:\/\/www.nus.agency\/es\/blog\/neuromusica-y-cerebro-conclusiones-de-la-i-jornada-del-proyecto-nes-de-nus","url":"https:\/\/www.nus.agency\/es\/blog\/neuromusica-y-cerebro-conclusiones-de-la-i-jornada-del-proyecto-nes-de-nus","name":"Conclusiones de la I Jornada del Proyecto NES de NUS","isPartOf":{"@id":"https:\/\/www.nus.agency\/es\/#website"},"primaryImageOfPage":{"@id":"https:\/\/www.nus.agency\/es\/blog\/neuromusica-y-cerebro-conclusiones-de-la-i-jornada-del-proyecto-nes-de-nus#primaryimage"},"image":{"@id":"https:\/\/www.nus.agency\/es\/blog\/neuromusica-y-cerebro-conclusiones-de-la-i-jornada-del-proyecto-nes-de-nus#primaryimage"},"thumbnailUrl":"https:\/\/www.nus.agency\/wp-content\/uploads\/2026\/04\/imagen-destacada-I-Jornada-del-Proyecto-NES.jpg","datePublished":"2026-04-29T15:36:12+00:00","dateModified":"2026-04-29T15:36:15+00:00","description":"La I Jornada del Proyecto NES de NUS revela c\u00f3mo la neurom\u00fasica y los 40 Hz influyen en el cerebro y abren nuevas v\u00edas en salud y educaci\u00f3n.","breadcrumb":{"@id":"https:\/\/www.nus.agency\/es\/blog\/neuromusica-y-cerebro-conclusiones-de-la-i-jornada-del-proyecto-nes-de-nus#breadcrumb"},"inLanguage":"es","potentialAction":[{"@type":"ReadAction","target":["https:\/\/www.nus.agency\/es\/blog\/neuromusica-y-cerebro-conclusiones-de-la-i-jornada-del-proyecto-nes-de-nus"]}]},{"@type":"ImageObject","inLanguage":"es","@id":"https:\/\/www.nus.agency\/es\/blog\/neuromusica-y-cerebro-conclusiones-de-la-i-jornada-del-proyecto-nes-de-nus#primaryimage","url":"https:\/\/www.nus.agency\/wp-content\/uploads\/2026\/04\/imagen-destacada-I-Jornada-del-Proyecto-NES.jpg","contentUrl":"https:\/\/www.nus.agency\/wp-content\/uploads\/2026\/04\/imagen-destacada-I-Jornada-del-Proyecto-NES.jpg","width":1252,"height":750,"caption":"imagen-destacada-I-Jornada-del-Proyecto-NES"},{"@type":"BreadcrumbList","@id":"https:\/\/www.nus.agency\/es\/blog\/neuromusica-y-cerebro-conclusiones-de-la-i-jornada-del-proyecto-nes-de-nus#breadcrumb","itemListElement":[{"@type":"ListItem","position":1,"name":"Inicio","item":"https:\/\/www.nus.agency\/es"},{"@type":"ListItem","position":2,"name":"blog","item":"https:\/\/www.nus.agency\/es\/category\/blog"},{"@type":"ListItem","position":3,"name":"Neurom\u00fasica y cerebro: conclusiones de la I Jornada del Proyecto NES de NUS"}]},{"@type":"WebSite","@id":"https:\/\/www.nus.agency\/es\/#website","url":"https:\/\/www.nus.agency\/es\/","name":"NUS Agency","description":"Formaci\u00f3n especializada en el sector salud y bienestar. M\u00e1ster en Enfermer\u00eda Dermoest\u00e9tica, Fisioest\u00e9tica, Neurom\u00fasica, Terapia Breve.","publisher":{"@id":"https:\/\/www.nus.agency\/es\/#organization"},"alternateName":"nus.agency","potentialAction":[{"@type":"SearchAction","target":{"@type":"EntryPoint","urlTemplate":"https:\/\/www.nus.agency\/es\/?s={search_term_string}"},"query-input":{"@type":"PropertyValueSpecification","valueRequired":true,"valueName":"search_term_string"}}],"inLanguage":"es"},{"@type":"Organization","@id":"https:\/\/www.nus.agency\/es\/#organization","name":"Nus Agency","alternateName":"nus.agency","url":"https:\/\/www.nus.agency\/es\/","logo":{"@type":"ImageObject","inLanguage":"es","@id":"https:\/\/www.nus.agency\/es\/#\/schema\/logo\/image\/","url":"https:\/\/www.nus.agency\/wp-content\/uploads\/2023\/09\/LOGO-NUS.png","contentUrl":"https:\/\/www.nus.agency\/wp-content\/uploads\/2023\/09\/LOGO-NUS.png","width":500,"height":500,"caption":"Nus Agency"},"image":{"@id":"https:\/\/www.nus.agency\/es\/#\/schema\/logo\/image\/"},"sameAs":["https:\/\/www.facebook.com\/Nus.Agency","https:\/\/x.com\/NusUnidad","https:\/\/www.instagram.com\/nus.agency\/","https:\/\/www.linkedin.com\/school\/nus-agency\/","https:\/\/www.youtube.com\/channel\/UCcseK4CACJLLFX6J19Om5qQ"]},{"@type":"Person","@id":"https:\/\/www.nus.agency\/es\/#\/schema\/person\/afd025d2eda20a4518a50726f7e13277","name":"adminnus","image":{"@type":"ImageObject","inLanguage":"es","@id":"https:\/\/secure.gravatar.com\/avatar\/1e3e3059e4c9d0b4911774c1f38cdd13d83fba8c376dd212040b1d141a1526a3?s=96&d=mm&r=g","url":"https:\/\/secure.gravatar.com\/avatar\/1e3e3059e4c9d0b4911774c1f38cdd13d83fba8c376dd212040b1d141a1526a3?s=96&d=mm&r=g","contentUrl":"https:\/\/secure.gravatar.com\/avatar\/1e3e3059e4c9d0b4911774c1f38cdd13d83fba8c376dd212040b1d141a1526a3?s=96&d=mm&r=g","caption":"adminnus"},"url":"https:\/\/www.nus.agency\/es\/author\/adminnus"}]}},"_links":{"self":[{"href":"https:\/\/www.nus.agency\/es\/wp-json\/wp\/v2\/posts\/96623","targetHints":{"allow":["GET"]}}],"collection":[{"href":"https:\/\/www.nus.agency\/es\/wp-json\/wp\/v2\/posts"}],"about":[{"href":"https:\/\/www.nus.agency\/es\/wp-json\/wp\/v2\/types\/post"}],"author":[{"embeddable":true,"href":"https:\/\/www.nus.agency\/es\/wp-json\/wp\/v2\/users\/1"}],"replies":[{"embeddable":true,"href":"https:\/\/www.nus.agency\/es\/wp-json\/wp\/v2\/comments?post=96623"}],"version-history":[{"count":11,"href":"https:\/\/www.nus.agency\/es\/wp-json\/wp\/v2\/posts\/96623\/revisions"}],"predecessor-version":[{"id":96637,"href":"https:\/\/www.nus.agency\/es\/wp-json\/wp\/v2\/posts\/96623\/revisions\/96637"}],"wp:featuredmedia":[{"embeddable":true,"href":"https:\/\/www.nus.agency\/es\/wp-json\/wp\/v2\/media\/96628"}],"wp:attachment":[{"href":"https:\/\/www.nus.agency\/es\/wp-json\/wp\/v2\/media?parent=96623"}],"wp:term":[{"taxonomy":"category","embeddable":true,"href":"https:\/\/www.nus.agency\/es\/wp-json\/wp\/v2\/categories?post=96623"},{"taxonomy":"post_tag","embeddable":true,"href":"https:\/\/www.nus.agency\/es\/wp-json\/wp\/v2\/tags?post=96623"}],"curies":[{"name":"wp","href":"https:\/\/api.w.org\/{rel}","templated":true}]}}